{"id":319545,"date":"2025-04-23T12:13:02","date_gmt":"2025-04-23T09:13:02","guid":{"rendered":"https:\/\/sana.sy\/tr\/?p=319545"},"modified":"2025-04-23T15:38:33","modified_gmt":"2025-04-23T12:38:33","slug":"misir-disisleri-bakani-israilin-saldirilarini-ve-suriye-topraklarina-yonelik-ihlallerini-reddediyoruz","status":"publish","type":"post","link":"https:\/\/archive.sana.sy\/tr\/?p=319545","title":{"rendered":"M\u0131s\u0131r D\u0131\u015fi\u015fleri Bakan\u0131: \u0130srail&#8217;in Sald\u0131r\u0131lar\u0131n\u0131 ve Suriye Topraklar\u0131na Y\u00f6nelik \u0130hlallerini Reddediyoruz"},"content":{"rendered":"<p style=\"text-align: justify;\"><strong><span style=\"color: #800000;\">KAH\u0130RE (SANA)<\/span> \u2013<\/strong> M\u0131s\u0131r D\u0131\u015fi\u015fleri Bakan\u0131 Bedir Abdulati, \u00fclkesinin, \u0130srail&#8217;in Suriye topraklar\u0131na y\u00f6nelik sald\u0131r\u0131lar\u0131n\u0131 ve 1974 tarihli Ate\u015fkes ve Kuvvetlerin Ayr\u0131lmas\u0131 Anla\u015fmas\u0131\u2019n\u0131 ihlal etmesini kesin bir dille reddetti\u011fini yineledi.<\/p>\n<p style=\"text-align: justify;\">Abdulati, L\u00fcbnanl\u0131 mevkida\u015f\u0131 Yusuf Recai ile d\u00fczenledi\u011fi ortak bas\u0131n toplant\u0131s\u0131nda, \u0130srail&#8217;in geri \u00e7ekilme anla\u015fmas\u0131n\u0131 ihlal etmesini ve Suriye\u2019nin egemen topraklar\u0131na y\u00f6nelik sald\u0131r\u0131lar\u0131n\u0131 kabul etmediklerini belirtti. M\u0131s\u0131r\u2019\u0131n, Arap \u00fclkelerinin egemenli\u011fine y\u00f6nelik her t\u00fcrl\u00fc ihlalin sona erdirilmesi i\u00e7in b\u00f6lgesel ve uluslararas\u0131 akt\u00f6rlerle temaslar\u0131n\u0131 yo\u011fun bir \u015fekilde s\u00fcrd\u00fcrd\u00fc\u011f\u00fcn\u00fc vurgulad\u0131.<\/p>\n<p style=\"text-align: justify;\">M\u0131s\u0131r\u2019\u0131n El-\u0130hbariye televizyonuna g\u00f6re Abd\u00fclati, iktidar kibrinin b\u00f6lgeye g\u00fcvenlik ve bar\u0131\u015f getirmeyece\u011fini ifade ederek, \u00e7ifte standart politikas\u0131ndan uzak durulmas\u0131 gerekti\u011fini kaydetti.<\/p>\n<p style=\"text-align: justify;\">Ba\u015fka bir ba\u011flamda Abdulati, Gazze\u2019nin yeniden in\u015fas\u0131yla ilgili olarak Kahire konferans\u0131n\u0131n d\u00fczenlenmesi konusunda M\u0131s\u0131r ile Birle\u015fmi\u015f Milletler aras\u0131nda koordinasyon bulundu\u011funu ifade etti.<\/p>\n","protected":false},"excerpt":{"rendered":"<p>KAH\u0130RE (SANA) \u2013 M\u0131s\u0131r D\u0131\u015fi\u015fleri Bakan\u0131 Bedir Abdulati, \u00fclkesinin, \u0130srail&#8217;in Suriye topraklar\u0131na y\u00f6nelik sald\u0131r\u0131lar\u0131n\u0131 ve 1974 tarihli Ate\u015fkes ve Kuvvetlerin Ayr\u0131lmas\u0131 Anla\u015fmas\u0131\u2019n\u0131 ihlal etmesini kesin bir dille reddetti\u011fini yineledi. Abdulati, L\u00fcbnanl\u0131 mevkida\u015f\u0131 Yusuf Recai ile d\u00fczenledi\u011fi ortak bas\u0131n toplant\u0131s\u0131nda, \u0130srail&#8217;in geri \u00e7ekilme anla\u015fmas\u0131n\u0131 ihlal etmesini ve Suriye\u2019nin egemen topraklar\u0131na y\u00f6nelik sald\u0131r\u0131lar\u0131n\u0131 kabul etmediklerini belirtti. M\u0131s\u0131r\u2019\u0131n, &hellip;<\/p>\n","protected":false},"author":39,"featured_media":319546,"comment_status":"closed","ping_status":"closed","sticky":false,"template":"","format":"standard","meta":{"footnotes":""},"categories":[458,589,459,17988],"tags":[],"class_list":["post-319545","post","type-post","status-publish","format-standard","has-post-thumbnail","","category-dunya1","category-haber-seridi","category-haberler-arap-uluslararasi-politika","category-son-haberler"],"_links":{"self":[{"href":"https:\/\/archive.sana.sy\/tr\/index.php?rest_route=\/wp\/v2\/posts\/319545","targetHints":{"allow":["GET"]}}],"collection":[{"href":"https:\/\/archive.sana.sy\/tr\/index.php?rest_route=\/wp\/v2\/posts"}],"about":[{"href":"https:\/\/archive.sana.sy\/tr\/index.php?rest_route=\/wp\/v2\/types\/post"}],"author":[{"embeddable":true,"href":"https:\/\/archive.sana.sy\/tr\/index.php?rest_route=\/wp\/v2\/users\/39"}],"replies":[{"embeddable":true,"href":"https:\/\/archive.sana.sy\/tr\/index.php?rest_route=%2Fwp%2Fv2%2Fcomments&post=319545"}],"version-history":[{"count":2,"href":"https:\/\/archive.sana.sy\/tr\/index.php?rest_route=\/wp\/v2\/posts\/319545\/revisions"}],"predecessor-version":[{"id":319575,"href":"https:\/\/archive.sana.sy\/tr\/index.php?rest_route=\/wp\/v2\/posts\/319545\/revisions\/319575"}],"wp:featuredmedia":[{"embeddable":true,"href":"https:\/\/archive.sana.sy\/tr\/index.php?rest_route=\/wp\/v2\/media\/319546"}],"wp:attachment":[{"href":"https:\/\/archive.sana.sy\/tr\/index.php?rest_route=%2Fwp%2Fv2%2Fmedia&parent=319545"}],"wp:term":[{"taxonomy":"category","embeddable":true,"href":"https:\/\/archive.sana.sy\/tr\/index.php?rest_route=%2Fwp%2Fv2%2Fcategories&post=319545"},{"taxonomy":"post_tag","embeddable":true,"href":"https:\/\/archive.sana.sy\/tr\/index.php?rest_route=%2Fwp%2Fv2%2Ftags&post=319545"}],"curies":[{"name":"wp","href":"https:\/\/api.w.org\/{rel}","templated":true}]}}