{"id":319548,"date":"2025-04-23T12:27:30","date_gmt":"2025-04-23T09:27:30","guid":{"rendered":"https:\/\/sana.sy\/tr\/?p=319548"},"modified":"2025-04-23T12:37:35","modified_gmt":"2025-04-23T09:37:35","slug":"sana-muhabiri-savunma-bakani-tumgeneral-muh-murhaf-ebu-kasra-genelkurmay-baskani-tumgeneral-yousef-huneyti-baskanligindaki-ust-duzey-urdun-askeri-heyetini-kabul-etti","status":"publish","type":"post","link":"https:\/\/archive.sana.sy\/tr\/?p=319548","title":{"rendered":"SANA muhabiri: Savunma Bakan\u0131 T\u00fcmgeneral M\u00fch. Murhaf Ebu Kasra, Genelkurmay Ba\u015fkan\u0131 T\u00fcmgeneral Yousef Huneyti ba\u015fkanl\u0131\u011f\u0131ndaki \u00fcst d\u00fczey \u00dcrd\u00fcn askeri heyetini kabul etti."},"content":{"rendered":"","protected":false},"excerpt":{"rendered":"","protected":false},"author":39,"featured_media":0,"comment_status":"closed","ping_status":"closed","sticky":false,"template":"","format":"standard","meta":{"footnotes":""},"categories":[1],"tags":[],"class_list":["post-319548","post","type-post","status-publish","format-standard","","category-news-not-sorted"],"_links":{"self":[{"href":"https:\/\/archive.sana.sy\/tr\/index.php?rest_route=\/wp\/v2\/posts\/319548","targetHints":{"allow":["GET"]}}],"collection":[{"href":"https:\/\/archive.sana.sy\/tr\/index.php?rest_route=\/wp\/v2\/posts"}],"about":[{"href":"https:\/\/archive.sana.sy\/tr\/index.php?rest_route=\/wp\/v2\/types\/post"}],"author":[{"embeddable":true,"href":"https:\/\/archive.sana.sy\/tr\/index.php?rest_route=\/wp\/v2\/users\/39"}],"replies":[{"embeddable":true,"href":"https:\/\/archive.sana.sy\/tr\/index.php?rest_route=%2Fwp%2Fv2%2Fcomments&post=319548"}],"version-history":[{"count":1,"href":"https:\/\/archive.sana.sy\/tr\/index.php?rest_route=\/wp\/v2\/posts\/319548\/revisions"}],"predecessor-version":[{"id":319549,"href":"https:\/\/archive.sana.sy\/tr\/index.php?rest_route=\/wp\/v2\/posts\/319548\/revisions\/319549"}],"wp:attachment":[{"href":"https:\/\/archive.sana.sy\/tr\/index.php?rest_route=%2Fwp%2Fv2%2Fmedia&parent=319548"}],"wp:term":[{"taxonomy":"category","embeddable":true,"href":"https:\/\/archive.sana.sy\/tr\/index.php?rest_route=%2Fwp%2Fv2%2Fcategories&post=319548"},{"taxonomy":"post_tag","embeddable":true,"href":"https:\/\/archive.sana.sy\/tr\/index.php?rest_route=%2Fwp%2Fv2%2Ftags&post=319548"}],"curies":[{"name":"wp","href":"https:\/\/api.w.org\/{rel}","templated":true}]}}