{"id":319550,"date":"2025-04-23T13:15:15","date_gmt":"2025-04-23T10:15:15","guid":{"rendered":"https:\/\/sana.sy\/tr\/?p=319550"},"modified":"2025-04-23T15:20:26","modified_gmt":"2025-04-23T12:20:26","slug":"turk-alman-ortakli-havayolu-sirketi-suriyeyi-buyume-firsati-ve-cazip-bir-gelecek-pazari-olarak-goruyoruz","status":"publish","type":"post","link":"https:\/\/archive.sana.sy\/tr\/?p=319550","title":{"rendered":"T\u00fcrk-Alman Ortakl\u0131 Havayolu \u015eirketi: Suriye\u2019yi B\u00fcy\u00fcme F\u0131rsat\u0131 ve Cazip Bir Gelecek Pazar\u0131 Olarak G\u00f6r\u00fcyoruz"},"content":{"rendered":"<p style=\"text-align: justify;\"><span style=\"color: #800000;\"><strong>ANKARA (SANA)<\/strong> <\/span>\u2013 T\u00fcrk-Alman ortakl\u0131\u011f\u0131nda faaliyet g\u00f6steren havayolu \u015firketi SunExpress, gerekli teknik ve g\u00fcvenlik standartlar\u0131n\u0131n kar\u015f\u0131lanmas\u0131 halinde Suriye\u2019yi b\u00fcy\u00fcme potansiyeli ta\u015f\u0131yan ve gelecekte hedeflenebilecek cazip bir pazar olarak g\u00f6rd\u00fc\u011f\u00fcn\u00fc bildirdi.<\/p>\n<p style=\"text-align: justify;\">Reuters haber ajans\u0131na konu\u015fan \u015firketin CEO\u2019su Max Kovnatzky, \u201cSuriye\u2019yi gelecek vaat eden bir b\u00fcy\u00fcme f\u0131rsat\u0131 ve cazip bir pazar olarak g\u00f6r\u00fcyoruz. H\u00e2l\u00e2 ke\u015ffedilmemi\u015f ve geni\u015fletilebilecek pazarlar var, bence Suriye kesinlikle bunlardan biridir. Bu yaln\u0131zca turizm a\u00e7\u0131s\u0131ndan de\u011fil, bir\u00e7ok a\u00e7\u0131dan da ilgin\u00e7 bir pazar\u201d ifadelerini kulland\u0131.<\/p>\n<p style=\"text-align: justify;\">Kovnatzky ayr\u0131ca, Suriye pazar\u0131na y\u00f6nelik somut ad\u0131mlar at\u0131lmadan \u00f6nce g\u00fcvenlik protokolleri ile uygun u\u00e7ak tiplerine ili\u015fkin baz\u0131 hususlar\u0131n de\u011ferlendirilmesi gerekti\u011finin alt\u0131n\u0131 \u00e7izdi.<\/p>\n","protected":false},"excerpt":{"rendered":"<p>ANKARA (SANA) \u2013 T\u00fcrk-Alman ortakl\u0131\u011f\u0131nda faaliyet g\u00f6steren havayolu \u015firketi SunExpress, gerekli teknik ve g\u00fcvenlik standartlar\u0131n\u0131n kar\u015f\u0131lanmas\u0131 halinde Suriye\u2019yi b\u00fcy\u00fcme potansiyeli ta\u015f\u0131yan ve gelecekte hedeflenebilecek cazip bir pazar olarak g\u00f6rd\u00fc\u011f\u00fcn\u00fc bildirdi. Reuters haber ajans\u0131na konu\u015fan \u015firketin CEO\u2019su Max Kovnatzky, \u201cSuriye\u2019yi gelecek vaat eden bir b\u00fcy\u00fcme f\u0131rsat\u0131 ve cazip bir pazar olarak g\u00f6r\u00fcyoruz. H\u00e2l\u00e2 ke\u015ffedilmemi\u015f ve geni\u015fletilebilecek &hellip;<\/p>\n","protected":false},"author":39,"featured_media":319551,"comment_status":"closed","ping_status":"closed","sticky":false,"template":"","format":"standard","meta":{"footnotes":""},"categories":[458,589,459,17988],"tags":[],"class_list":["post-319550","post","type-post","status-publish","format-standard","has-post-thumbnail","","category-dunya1","category-haber-seridi","category-haberler-arap-uluslararasi-politika","category-son-haberler"],"_links":{"self":[{"href":"https:\/\/archive.sana.sy\/tr\/index.php?rest_route=\/wp\/v2\/posts\/319550","targetHints":{"allow":["GET"]}}],"collection":[{"href":"https:\/\/archive.sana.sy\/tr\/index.php?rest_route=\/wp\/v2\/posts"}],"about":[{"href":"https:\/\/archive.sana.sy\/tr\/index.php?rest_route=\/wp\/v2\/types\/post"}],"author":[{"embeddable":true,"href":"https:\/\/archive.sana.sy\/tr\/index.php?rest_route=\/wp\/v2\/users\/39"}],"replies":[{"embeddable":true,"href":"https:\/\/archive.sana.sy\/tr\/index.php?rest_route=%2Fwp%2Fv2%2Fcomments&post=319550"}],"version-history":[{"count":3,"href":"https:\/\/archive.sana.sy\/tr\/index.php?rest_route=\/wp\/v2\/posts\/319550\/revisions"}],"predecessor-version":[{"id":319574,"href":"https:\/\/archive.sana.sy\/tr\/index.php?rest_route=\/wp\/v2\/posts\/319550\/revisions\/319574"}],"wp:featuredmedia":[{"embeddable":true,"href":"https:\/\/archive.sana.sy\/tr\/index.php?rest_route=\/wp\/v2\/media\/319551"}],"wp:attachment":[{"href":"https:\/\/archive.sana.sy\/tr\/index.php?rest_route=%2Fwp%2Fv2%2Fmedia&parent=319550"}],"wp:term":[{"taxonomy":"category","embeddable":true,"href":"https:\/\/archive.sana.sy\/tr\/index.php?rest_route=%2Fwp%2Fv2%2Fcategories&post=319550"},{"taxonomy":"post_tag","embeddable":true,"href":"https:\/\/archive.sana.sy\/tr\/index.php?rest_route=%2Fwp%2Fv2%2Ftags&post=319550"}],"curies":[{"name":"wp","href":"https:\/\/api.w.org\/{rel}","templated":true}]}}