{"id":319553,"date":"2025-04-23T13:25:32","date_gmt":"2025-04-23T10:25:32","guid":{"rendered":"https:\/\/sana.sy\/tr\/?p=319553"},"modified":"2025-04-23T15:18:05","modified_gmt":"2025-04-23T12:18:05","slug":"urdun-disisleri-bakani-suriye-hukumetine-destek-verilmesi-gerektigini-vurguladi","status":"publish","type":"post","link":"https:\/\/archive.sana.sy\/tr\/?p=319553","title":{"rendered":"\u00dcrd\u00fcn D\u0131\u015fi\u015fleri Bakan\u0131 Suriye H\u00fck\u00fcmetine Destek Verilmesi Gerekti\u011fini Vurgulad\u0131"},"content":{"rendered":"<p style=\"text-align: justify;\"><strong><span style=\"color: #800000;\">AMMAN (SANA)<\/span> \u2013<\/strong> \u00dcrd\u00fcn Ba\u015fbakan Yard\u0131mc\u0131s\u0131 ve D\u0131\u015fi\u015fleri ve Gurbet\u00e7iler Bakan\u0131 Eymen Safadi, Suriye h\u00fck\u00fcmetinin yeniden yap\u0131lanma \u00e7abalar\u0131na destek verilmesi gerekti\u011fini vurgulad\u0131.<\/p>\n<p style=\"text-align: justify;\">\u00dcrd\u00fcn&#8217;\u00fcn &#8220;Petra&#8221; haber ajans\u0131n\u0131n aktard\u0131\u011f\u0131na g\u00f6re Safadi, Frans\u0131z Senatosu&#8217;ndan bir heyetle yapt\u0131\u011f\u0131 g\u00f6r\u00fc\u015fmede, Suriye h\u00fck\u00fcmetinin \u00fclkedeki durumu yeniden in\u015fa etme ve iyile\u015ftirme \u00e7abalar\u0131n\u0131n desteklenmesi gerekti\u011fini belirterek, Suriye halk\u0131n\u0131n zor ko\u015fullar\u0131n \u00fcstesinden gelmesi ve toparlanmas\u0131 i\u00e7in \u00fclkeye uygulanan yapt\u0131r\u0131mlar\u0131n kald\u0131r\u0131lmas\u0131n\u0131n \u00f6nemini kaydetti.<\/p>\n<p style=\"text-align: justify;\">Safadi ayr\u0131ca, \u0130srail&#8217;in devam eden sald\u0131rganl\u0131\u011f\u0131 ve yard\u0131mlar\u0131n giri\u015fini engellemesi sonucu insani bir felaketle kar\u015f\u0131 kar\u015f\u0131ya kalan Gazze \u015eeridi&#8217;ne kal\u0131c\u0131 ate\u015fkes sa\u011flanmas\u0131 ve insani yard\u0131m ula\u015ft\u0131r\u0131lmas\u0131 \u00e7abalar\u0131n\u0131n desteklenmesinin \u00f6nemini vurgularken, L\u00fcbnan&#8217;\u0131n g\u00fcvenli\u011finin, egemenli\u011finin ve istikrar\u0131n\u0131n desteklenmesinin ve ate\u015fkesin g\u00fc\u00e7lendirilmesinin gereklili\u011fine i\u015faret etti.<\/p>\n","protected":false},"excerpt":{"rendered":"<p>AMMAN (SANA) \u2013 \u00dcrd\u00fcn Ba\u015fbakan Yard\u0131mc\u0131s\u0131 ve D\u0131\u015fi\u015fleri ve Gurbet\u00e7iler Bakan\u0131 Eymen Safadi, Suriye h\u00fck\u00fcmetinin yeniden yap\u0131lanma \u00e7abalar\u0131na destek verilmesi gerekti\u011fini vurgulad\u0131. \u00dcrd\u00fcn&#8217;\u00fcn &#8220;Petra&#8221; haber ajans\u0131n\u0131n aktard\u0131\u011f\u0131na g\u00f6re Safadi, Frans\u0131z Senatosu&#8217;ndan bir heyetle yapt\u0131\u011f\u0131 g\u00f6r\u00fc\u015fmede, Suriye h\u00fck\u00fcmetinin \u00fclkedeki durumu yeniden in\u015fa etme ve iyile\u015ftirme \u00e7abalar\u0131n\u0131n desteklenmesi gerekti\u011fini belirterek, Suriye halk\u0131n\u0131n zor ko\u015fullar\u0131n \u00fcstesinden gelmesi ve &hellip;<\/p>\n","protected":false},"author":39,"featured_media":319554,"comment_status":"closed","ping_status":"closed","sticky":false,"template":"","format":"standard","meta":{"footnotes":""},"categories":[458,589,459,17988],"tags":[],"class_list":["post-319553","post","type-post","status-publish","format-standard","has-post-thumbnail","","category-dunya1","category-haber-seridi","category-haberler-arap-uluslararasi-politika","category-son-haberler"],"_links":{"self":[{"href":"https:\/\/archive.sana.sy\/tr\/index.php?rest_route=\/wp\/v2\/posts\/319553","targetHints":{"allow":["GET"]}}],"collection":[{"href":"https:\/\/archive.sana.sy\/tr\/index.php?rest_route=\/wp\/v2\/posts"}],"about":[{"href":"https:\/\/archive.sana.sy\/tr\/index.php?rest_route=\/wp\/v2\/types\/post"}],"author":[{"embeddable":true,"href":"https:\/\/archive.sana.sy\/tr\/index.php?rest_route=\/wp\/v2\/users\/39"}],"replies":[{"embeddable":true,"href":"https:\/\/archive.sana.sy\/tr\/index.php?rest_route=%2Fwp%2Fv2%2Fcomments&post=319553"}],"version-history":[{"count":2,"href":"https:\/\/archive.sana.sy\/tr\/index.php?rest_route=\/wp\/v2\/posts\/319553\/revisions"}],"predecessor-version":[{"id":319572,"href":"https:\/\/archive.sana.sy\/tr\/index.php?rest_route=\/wp\/v2\/posts\/319553\/revisions\/319572"}],"wp:featuredmedia":[{"embeddable":true,"href":"https:\/\/archive.sana.sy\/tr\/index.php?rest_route=\/wp\/v2\/media\/319554"}],"wp:attachment":[{"href":"https:\/\/archive.sana.sy\/tr\/index.php?rest_route=%2Fwp%2Fv2%2Fmedia&parent=319553"}],"wp:term":[{"taxonomy":"category","embeddable":true,"href":"https:\/\/archive.sana.sy\/tr\/index.php?rest_route=%2Fwp%2Fv2%2Fcategories&post=319553"},{"taxonomy":"post_tag","embeddable":true,"href":"https:\/\/archive.sana.sy\/tr\/index.php?rest_route=%2Fwp%2Fv2%2Ftags&post=319553"}],"curies":[{"name":"wp","href":"https:\/\/api.w.org\/{rel}","templated":true}]}}