{"id":319556,"date":"2025-04-23T14:09:18","date_gmt":"2025-04-23T11:09:18","guid":{"rendered":"https:\/\/sana.sy\/tr\/?p=319556"},"modified":"2025-04-23T15:15:41","modified_gmt":"2025-04-23T12:15:41","slug":"irak-ve-fransa-disisleri-bakanlari-suriyenin-istikrari-ve-toprak-butunlugunun-desteklenmesi-gerektigini-vurguladilar","status":"publish","type":"post","link":"https:\/\/archive.sana.sy\/tr\/?p=319556","title":{"rendered":"Irak Ve Fransa D\u0131\u015fi\u015fleri Bakanlar\u0131, Suriye&#8217;nin \u0130stikrar\u0131 Ve Toprak B\u00fct\u00fcnl\u00fc\u011f\u00fcn\u00fcn Desteklenmesi Gerekti\u011fini Vurgulad\u0131lar"},"content":{"rendered":"<p style=\"text-align: justify;\"><strong><span style=\"color: #800000;\">BA\u011eDAT (SANA)<\/span> \u2013<\/strong> Irak D\u0131\u015fi\u015fleri Bakan\u0131 Fuad H\u00fcseyin ile Fransa D\u0131\u015fi\u015fleri Bakan\u0131 Jean-No\u00ebl Barrow , Suriye&#8217;nin istikrar\u0131 ve toprak b\u00fct\u00fcnl\u00fc\u011f\u00fcn\u00fcn desteklenmesi gerekti\u011fini vurgulad\u0131.<\/p>\n<p style=\"text-align: justify;\">Irak Haber Ajans\u0131 (INA), H\u00fcseyin&#8217;in Ba\u011fdat&#8217;ta Barrow ile d\u00fczenledi\u011fi ortak bas\u0131n toplant\u0131s\u0131nda, &#8220;Suriye&#8217;nin istikrar\u0131n\u0131 ve orada kapsaml\u0131 bir siyasi s\u00fcrecin kurulmas\u0131n\u0131 destekliyoruz&#8221; diyerek, Suriye&#8217;nin istikrar\u0131n\u0131n Irak, Avrupa ve genel olarak b\u00f6lge i\u00e7in \u00f6nemli oldu\u011funu vurgulad\u0131\u011f\u0131n\u0131 aktard\u0131.<\/p>\n<p style=\"text-align: justify;\">Kendi y\u00f6n\u00fcnden Barrow, Suriye&#8217;nin birli\u011fi ve egemenli\u011finin desteklenmesi gerekti\u011fini vurgulayarak, siyasi s\u00fcrecin t\u00fcm bile\u015fenleri i\u00e7ermesinin sa\u011flanmas\u0131n\u0131n \u00f6nemine i\u015faret etti.<\/p>\n","protected":false},"excerpt":{"rendered":"<p>BA\u011eDAT (SANA) \u2013 Irak D\u0131\u015fi\u015fleri Bakan\u0131 Fuad H\u00fcseyin ile Fransa D\u0131\u015fi\u015fleri Bakan\u0131 Jean-No\u00ebl Barrow , Suriye&#8217;nin istikrar\u0131 ve toprak b\u00fct\u00fcnl\u00fc\u011f\u00fcn\u00fcn desteklenmesi gerekti\u011fini vurgulad\u0131. Irak Haber Ajans\u0131 (INA), H\u00fcseyin&#8217;in Ba\u011fdat&#8217;ta Barrow ile d\u00fczenledi\u011fi ortak bas\u0131n toplant\u0131s\u0131nda, &#8220;Suriye&#8217;nin istikrar\u0131n\u0131 ve orada kapsaml\u0131 bir siyasi s\u00fcrecin kurulmas\u0131n\u0131 destekliyoruz&#8221; diyerek, Suriye&#8217;nin istikrar\u0131n\u0131n Irak, Avrupa ve genel olarak b\u00f6lge i\u00e7in &hellip;<\/p>\n","protected":false},"author":39,"featured_media":319557,"comment_status":"closed","ping_status":"closed","sticky":false,"template":"","format":"standard","meta":{"footnotes":""},"categories":[458,589,459,17988],"tags":[],"class_list":["post-319556","post","type-post","status-publish","format-standard","has-post-thumbnail","","category-dunya1","category-haber-seridi","category-haberler-arap-uluslararasi-politika","category-son-haberler"],"_links":{"self":[{"href":"https:\/\/archive.sana.sy\/tr\/index.php?rest_route=\/wp\/v2\/posts\/319556","targetHints":{"allow":["GET"]}}],"collection":[{"href":"https:\/\/archive.sana.sy\/tr\/index.php?rest_route=\/wp\/v2\/posts"}],"about":[{"href":"https:\/\/archive.sana.sy\/tr\/index.php?rest_route=\/wp\/v2\/types\/post"}],"author":[{"embeddable":true,"href":"https:\/\/archive.sana.sy\/tr\/index.php?rest_route=\/wp\/v2\/users\/39"}],"replies":[{"embeddable":true,"href":"https:\/\/archive.sana.sy\/tr\/index.php?rest_route=%2Fwp%2Fv2%2Fcomments&post=319556"}],"version-history":[{"count":3,"href":"https:\/\/archive.sana.sy\/tr\/index.php?rest_route=\/wp\/v2\/posts\/319556\/revisions"}],"predecessor-version":[{"id":319571,"href":"https:\/\/archive.sana.sy\/tr\/index.php?rest_route=\/wp\/v2\/posts\/319556\/revisions\/319571"}],"wp:featuredmedia":[{"embeddable":true,"href":"https:\/\/archive.sana.sy\/tr\/index.php?rest_route=\/wp\/v2\/media\/319557"}],"wp:attachment":[{"href":"https:\/\/archive.sana.sy\/tr\/index.php?rest_route=%2Fwp%2Fv2%2Fmedia&parent=319556"}],"wp:term":[{"taxonomy":"category","embeddable":true,"href":"https:\/\/archive.sana.sy\/tr\/index.php?rest_route=%2Fwp%2Fv2%2Fcategories&post=319556"},{"taxonomy":"post_tag","embeddable":true,"href":"https:\/\/archive.sana.sy\/tr\/index.php?rest_route=%2Fwp%2Fv2%2Ftags&post=319556"}],"curies":[{"name":"wp","href":"https:\/\/api.w.org\/{rel}","templated":true}]}}