{"id":319559,"date":"2025-04-23T14:23:12","date_gmt":"2025-04-23T11:23:12","guid":{"rendered":"https:\/\/sana.sy\/tr\/?p=319559"},"modified":"2025-04-23T15:12:42","modified_gmt":"2025-04-23T12:12:42","slug":"dunya-bankasi-suriyeye-destek-vermeye-hazir-oldugunu-teyit-etti","status":"publish","type":"post","link":"https:\/\/archive.sana.sy\/tr\/?p=319559","title":{"rendered":"D\u00fcnya Bankas\u0131 Suriye&#8217;ye Destek Vermeye Haz\u0131r Oldu\u011funu Teyit Etti"},"content":{"rendered":"<p style=\"text-align: justify;\"><strong><span style=\"color: #800000;\">VA\u015eINGTON (SANA)<\/span> \u2013<\/strong> D\u00fcnya Bankas\u0131 Ortado\u011fu ve Kuzey Afrika Ba\u015fkan Yard\u0131mc\u0131s\u0131 Osman Dayon, bankan\u0131n enerji ve dijital teknoloji alanlar\u0131nda Suriye halk\u0131na destek vermeye haz\u0131r oldu\u011funu teyit etti.<\/p>\n<p style=\"text-align: justify;\">Dayon, bug\u00fcn X platformunda yay\u0131mlad\u0131\u011f\u0131 mesaj\u0131nda \u015funlar\u0131 s\u00f6yledi: \u201cD\u00fcnya Bankas\u0131 Bahar Toplant\u0131lar\u0131 kapsam\u0131nda, Maliye Bakan\u0131 Muhammed Yaser Berniye ve Suriye Merkez Bankas\u0131 Ba\u015fkan\u0131 Abdulkadir Hasriye ile on y\u0131l\u0131 a\u015fk\u0131n bir s\u00fcrenin ard\u0131ndan ilk kez anlaml\u0131 g\u00f6r\u00fc\u015fmeler ger\u00e7ekle\u015ftirdik.&#8221;<\/p>\n<p style=\"text-align: justify;\">G\u00f6r\u00fc\u015fmelerde, Suriye&#8217;de \u00f6ncelikli iyile\u015ftirme ve reform alanlar\u0131n\u0131n ele al\u0131nd\u0131\u011f\u0131 bildirildi.<\/p>\n<p style=\"text-align: justify;\">Maliye Bakan\u0131 Muhammed Yaser Berniyeh, birka\u00e7 g\u00fcn \u00f6nce SANA&#8217;ya yapt\u0131\u011f\u0131 a\u00e7\u0131klamada, Suriye&#8217;nin Uluslararas\u0131 Para Fonu ve D\u00fcnya Bankas\u0131 ile yapt\u0131\u011f\u0131 toplant\u0131lara kat\u0131lmas\u0131n\u0131n amac\u0131n\u0131n, uluslararas\u0131 finans kurulu\u015flar\u0131yla i\u015f birli\u011fini canland\u0131rmak, teknik destek i\u00e7in kanallar a\u00e7mak ve kurumsal kapasite olu\u015fturmak oldu\u011funu a\u00e7\u0131klam\u0131\u015ft\u0131.<\/p>\n","protected":false},"excerpt":{"rendered":"<p>VA\u015eINGTON (SANA) \u2013 D\u00fcnya Bankas\u0131 Ortado\u011fu ve Kuzey Afrika Ba\u015fkan Yard\u0131mc\u0131s\u0131 Osman Dayon, bankan\u0131n enerji ve dijital teknoloji alanlar\u0131nda Suriye halk\u0131na destek vermeye haz\u0131r oldu\u011funu teyit etti. Dayon, bug\u00fcn X platformunda yay\u0131mlad\u0131\u011f\u0131 mesaj\u0131nda \u015funlar\u0131 s\u00f6yledi: \u201cD\u00fcnya Bankas\u0131 Bahar Toplant\u0131lar\u0131 kapsam\u0131nda, Maliye Bakan\u0131 Muhammed Yaser Berniye ve Suriye Merkez Bankas\u0131 Ba\u015fkan\u0131 Abdulkadir Hasriye ile on y\u0131l\u0131 &hellip;<\/p>\n","protected":false},"author":39,"featured_media":319560,"comment_status":"closed","ping_status":"closed","sticky":false,"template":"","format":"standard","meta":{"footnotes":""},"categories":[458,589,459,17988],"tags":[],"class_list":["post-319559","post","type-post","status-publish","format-standard","has-post-thumbnail","","category-dunya1","category-haber-seridi","category-haberler-arap-uluslararasi-politika","category-son-haberler"],"_links":{"self":[{"href":"https:\/\/archive.sana.sy\/tr\/index.php?rest_route=\/wp\/v2\/posts\/319559","targetHints":{"allow":["GET"]}}],"collection":[{"href":"https:\/\/archive.sana.sy\/tr\/index.php?rest_route=\/wp\/v2\/posts"}],"about":[{"href":"https:\/\/archive.sana.sy\/tr\/index.php?rest_route=\/wp\/v2\/types\/post"}],"author":[{"embeddable":true,"href":"https:\/\/archive.sana.sy\/tr\/index.php?rest_route=\/wp\/v2\/users\/39"}],"replies":[{"embeddable":true,"href":"https:\/\/archive.sana.sy\/tr\/index.php?rest_route=%2Fwp%2Fv2%2Fcomments&post=319559"}],"version-history":[{"count":3,"href":"https:\/\/archive.sana.sy\/tr\/index.php?rest_route=\/wp\/v2\/posts\/319559\/revisions"}],"predecessor-version":[{"id":319569,"href":"https:\/\/archive.sana.sy\/tr\/index.php?rest_route=\/wp\/v2\/posts\/319559\/revisions\/319569"}],"wp:featuredmedia":[{"embeddable":true,"href":"https:\/\/archive.sana.sy\/tr\/index.php?rest_route=\/wp\/v2\/media\/319560"}],"wp:attachment":[{"href":"https:\/\/archive.sana.sy\/tr\/index.php?rest_route=%2Fwp%2Fv2%2Fmedia&parent=319559"}],"wp:term":[{"taxonomy":"category","embeddable":true,"href":"https:\/\/archive.sana.sy\/tr\/index.php?rest_route=%2Fwp%2Fv2%2Fcategories&post=319559"},{"taxonomy":"post_tag","embeddable":true,"href":"https:\/\/archive.sana.sy\/tr\/index.php?rest_route=%2Fwp%2Fv2%2Ftags&post=319559"}],"curies":[{"name":"wp","href":"https:\/\/api.w.org\/{rel}","templated":true}]}}