{"id":319562,"date":"2025-04-23T14:38:35","date_gmt":"2025-04-23T11:38:35","guid":{"rendered":"https:\/\/sana.sy\/tr\/?p=319562"},"modified":"2025-04-23T15:10:21","modified_gmt":"2025-04-23T12:10:21","slug":"istanbulun-kuzeyinde-62-buyuklugunde-deprem-meydana-geldi-can-kaybi-ya-da-heyelan-bildirilmedi","status":"publish","type":"post","link":"https:\/\/archive.sana.sy\/tr\/?p=319562","title":{"rendered":"\u0130stanbul&#8217;un Kuzeyinde 6,2 B\u00fcy\u00fckl\u00fc\u011f\u00fcnde Deprem Meydana Geldi"},"content":{"rendered":"<p style=\"text-align: justify;\"><span style=\"color: #800000;\"><strong>ANKARA (SANA)<\/strong><\/span> \u2013 \u0130stanbul\u2019un kuzeyindeki Silivri il\u00e7esinde, yerin 6,92 kilometre derinli\u011finde ve Richter \u00f6l\u00e7e\u011fine g\u00f6re 6,2 b\u00fcy\u00fckl\u00fc\u011f\u00fcnde bir deprem meydana geldi. Deprem, kent merkeziyle birlikte \u00e7evre illerde de hissedildi.<\/p>\n<p style=\"text-align: justify;\">Anadolu Ajans\u0131&#8217;n\u0131n haberine g\u00f6re, T\u00fcrkiye Afet ve Acil Durum Y\u00f6netimi Ba\u015fkanl\u0131\u011f\u0131\u2019n\u0131n (AFAD) internet sitesinde yap\u0131lan a\u00e7\u0131klamada, depremin merkez \u00fcss\u00fcn\u00fcn Marmara Denizi a\u00e7\u0131klar\u0131nda, \u0130stanbul\u2019un Silivri il\u00e7esi oldu\u011fu bildirildi.<\/p>\n<p style=\"text-align: justify;\">Kendi y\u00f6n\u00fcnden Silivri Belediye Ba\u015fkan\u0131 Bora Balc\u0131o\u011flu, b\u00f6lgede herhangi bir \u00e7\u00f6kme ya\u015fanmad\u0131\u011f\u0131n\u0131 belirterek, saha ekiplerinin h\u0131zl\u0131ca inceleme \u00e7al\u0131\u015fmalar\u0131na ba\u015flad\u0131\u011f\u0131n\u0131 ifade etti.<\/p>\n<p style=\"text-align: justify;\">Cumhurba\u015fkan\u0131 Recep Tayyip Erdo\u011fan, depremden etkilenen vatanda\u015flara ba\u015fsa\u011fl\u0131\u011f\u0131 dileyerek, geli\u015fmeleri yak\u0131ndan takip ettiklerini kaydetti.<\/p>\n<p style=\"text-align: justify;\">\u0130\u00e7i\u015fleri Bakan\u0131 Ali Yerlikaya ise sosyal medya hesab\u0131ndan yapt\u0131\u011f\u0131 a\u00e7\u0131klamada, AFAD ve ilgili kurumlara ba\u011fl\u0131 ekiplerin sahada gerekli incelemelere ba\u015flad\u0131\u011f\u0131n\u0131 duyurdu.<\/p>\n<p style=\"text-align: justify;\">Depremin ard\u0131ndan vatanda\u015flar panikle ev ve i\u015fyerlerinden d\u0131\u015far\u0131 \u00e7\u0131karken, art\u00e7\u0131 sars\u0131nt\u0131 korkusuyla halk a\u00e7\u0131k alanlara y\u00f6nelmeye devam ediyor. AFAD, Marmara Denizi\u2019nde \u015fu ana kadar 7 kilometreden fazla derinlikte 4,4; 4,5 ve 4,9 b\u00fcy\u00fckl\u00fc\u011f\u00fcnde \u00fc\u00e7 art\u00e7\u0131 sars\u0131nt\u0131 kaydedildi\u011fini a\u00e7\u0131klad\u0131.<\/p>\n","protected":false},"excerpt":{"rendered":"<p>ANKARA (SANA) \u2013 \u0130stanbul\u2019un kuzeyindeki Silivri il\u00e7esinde, yerin 6,92 kilometre derinli\u011finde ve Richter \u00f6l\u00e7e\u011fine g\u00f6re 6,2 b\u00fcy\u00fckl\u00fc\u011f\u00fcnde bir deprem meydana geldi. Deprem, kent merkeziyle birlikte \u00e7evre illerde de hissedildi. Anadolu Ajans\u0131&#8217;n\u0131n haberine g\u00f6re, T\u00fcrkiye Afet ve Acil Durum Y\u00f6netimi Ba\u015fkanl\u0131\u011f\u0131\u2019n\u0131n (AFAD) internet sitesinde yap\u0131lan a\u00e7\u0131klamada, depremin merkez \u00fcss\u00fcn\u00fcn Marmara Denizi a\u00e7\u0131klar\u0131nda, \u0130stanbul\u2019un Silivri il\u00e7esi oldu\u011fu &hellip;<\/p>\n","protected":false},"author":39,"featured_media":319563,"comment_status":"closed","ping_status":"closed","sticky":false,"template":"","format":"standard","meta":{"footnotes":""},"categories":[458,589,459,17988,2554,2555],"tags":[],"class_list":["post-319562","post","type-post","status-publish","format-standard","has-post-thumbnail","","category-dunya1","category-haber-seridi","category-haberler-arap-uluslararasi-politika","category-son-haberler","category-suriye-ve-dunya","category-suriye-ve-turkiye"],"_links":{"self":[{"href":"https:\/\/archive.sana.sy\/tr\/index.php?rest_route=\/wp\/v2\/posts\/319562","targetHints":{"allow":["GET"]}}],"collection":[{"href":"https:\/\/archive.sana.sy\/tr\/index.php?rest_route=\/wp\/v2\/posts"}],"about":[{"href":"https:\/\/archive.sana.sy\/tr\/index.php?rest_route=\/wp\/v2\/types\/post"}],"author":[{"embeddable":true,"href":"https:\/\/archive.sana.sy\/tr\/index.php?rest_route=\/wp\/v2\/users\/39"}],"replies":[{"embeddable":true,"href":"https:\/\/archive.sana.sy\/tr\/index.php?rest_route=%2Fwp%2Fv2%2Fcomments&post=319562"}],"version-history":[{"count":3,"href":"https:\/\/archive.sana.sy\/tr\/index.php?rest_route=\/wp\/v2\/posts\/319562\/revisions"}],"predecessor-version":[{"id":319567,"href":"https:\/\/archive.sana.sy\/tr\/index.php?rest_route=\/wp\/v2\/posts\/319562\/revisions\/319567"}],"wp:featuredmedia":[{"embeddable":true,"href":"https:\/\/archive.sana.sy\/tr\/index.php?rest_route=\/wp\/v2\/media\/319563"}],"wp:attachment":[{"href":"https:\/\/archive.sana.sy\/tr\/index.php?rest_route=%2Fwp%2Fv2%2Fmedia&parent=319562"}],"wp:term":[{"taxonomy":"category","embeddable":true,"href":"https:\/\/archive.sana.sy\/tr\/index.php?rest_route=%2Fwp%2Fv2%2Fcategories&post=319562"},{"taxonomy":"post_tag","embeddable":true,"href":"https:\/\/archive.sana.sy\/tr\/index.php?rest_route=%2Fwp%2Fv2%2Ftags&post=319562"}],"curies":[{"name":"wp","href":"https:\/\/api.w.org\/{rel}","templated":true}]}}