{"id":319578,"date":"2025-04-23T15:59:38","date_gmt":"2025-04-23T12:59:38","guid":{"rendered":"https:\/\/sana.sy\/tr\/?p=319578"},"modified":"2025-04-23T16:00:57","modified_gmt":"2025-04-23T13:00:57","slug":"suriyedeki-saglik-sektorunu-desteklemek-icin-suriye-norvec-gorusmeleri-gerceklesti","status":"publish","type":"post","link":"https:\/\/archive.sana.sy\/tr\/?p=319578","title":{"rendered":"Suriye&#8217;deki Sa\u011fl\u0131k Sekt\u00f6r\u00fcn\u00fc Desteklemek \u0130\u00e7in Suriye-Norve\u00e7 G\u00f6r\u00fc\u015fmeleri Ger\u00e7ekle\u015fti"},"content":{"rendered":"<p style=\"text-align: justify;\"><span style=\"color: #800000;\"><strong>\u015eAM (SANA)<\/strong> <\/span>\u2013 \u00a0Sa\u011fl\u0131k Bakan\u0131 Dr. Musab El Ali, Norve\u00e7&#8217;in Suriye B\u00fcy\u00fckel\u00e7ili\u011fi Maslahatg\u00fczar\u0131 Hilde Haraldstad ile ortak sa\u011fl\u0131k i\u015f birli\u011fini geli\u015ftirmenin yollar\u0131n\u0131 g\u00f6r\u00fc\u015ft\u00fc.<\/p>\n<p style=\"text-align: justify;\"><img loading=\"lazy\" decoding=\"async\" class=\"size-medium wp-image-319580 alignright\" src=\"http:\/\/sana.sy\/tr\/wp-content\/uploads\/2025\/04\/photo_2_2025-04-23_14-58-30-copy-300x200.jpg\" alt=\"\" width=\"300\" height=\"200\" srcset=\"https:\/\/archive.sana.sy\/tr\/wp-content\/uploads\/2025\/04\/photo_2_2025-04-23_14-58-30-copy-300x200.jpg 300w, https:\/\/archive.sana.sy\/tr\/wp-content\/uploads\/2025\/04\/photo_2_2025-04-23_14-58-30-copy.jpg 660w\" sizes=\"auto, (max-width: 300px) 100vw, 300px\" \/>Dr. El Ali, bug\u00fcn bakanl\u0131kta d\u00fczenlenen toplant\u0131da, Suriyeli gurbet\u00e7ilerin g\u00fcvenli bir \u015fekilde geri d\u00f6n\u00fc\u015flerinin sa\u011flanmas\u0131 i\u00e7in sa\u011fl\u0131k ihtiya\u00e7lar\u0131n\u0131n g\u00fcvence alt\u0131na al\u0131nmas\u0131n\u0131n gereklili\u011fini vurgulayark, bakanl\u0131\u011f\u0131n, \u00f6zellikle \u00e7ocuklarda ruh sa\u011fl\u0131\u011f\u0131, \u00fcreme sa\u011fl\u0131\u011f\u0131 ve kan bankalar\u0131 ba\u015fta olmak \u00fczere \u00e7e\u015fitli \u00f6ncelikler \u00fczerinde \u00e7al\u0131\u015ft\u0131\u011f\u0131n\u0131 belirtti.<\/p>\n<p style=\"text-align: justify;\">Bakan El Ali ayr\u0131ca, bakanl\u0131\u011f\u0131n, evraklar\u0131n kaybolmamas\u0131 veya zarar g\u00f6rmemesi i\u00e7in elektronik hasta kay\u0131t sistemi olu\u015fturulmas\u0131 amac\u0131yla bir \u00e7al\u0131\u015fma haz\u0131rlad\u0131\u011f\u0131n\u0131 kaydetti. Norve\u00e7 h\u00fck\u00fcmetine Suriye&#8217;deki sa\u011fl\u0131k sekt\u00f6r\u00fcne verdi\u011fi destekten dolay\u0131 te\u015fekk\u00fcr etti.<\/p>\n<p style=\"text-align: justify;\">Haraldstad ise \u00fclkesinin Suriye&#8217;deki sa\u011fl\u0131k sekt\u00f6r\u00fcn\u00fc \u00e7e\u015fitli alanlarda, \u00f6zellikle de kan bankalar\u0131 konusunda destekleme iste\u011fini dile getirdi ve Suriye&#8217;ye ilave destek sa\u011flanmas\u0131 ve \u00e7e\u015fitli projelerin hayata ge\u00e7irilmesi i\u00e7in ilgili makamlarla koordinasyonun s\u00fcrd\u00fcr\u00fcld\u00fc\u011f\u00fcne i\u015faret etti.<\/p>\n","protected":false},"excerpt":{"rendered":"<p>\u015eAM (SANA) \u2013 \u00a0Sa\u011fl\u0131k Bakan\u0131 Dr. Musab El Ali, Norve\u00e7&#8217;in Suriye B\u00fcy\u00fckel\u00e7ili\u011fi Maslahatg\u00fczar\u0131 Hilde Haraldstad ile ortak sa\u011fl\u0131k i\u015f birli\u011fini geli\u015ftirmenin yollar\u0131n\u0131 g\u00f6r\u00fc\u015ft\u00fc. Dr. El Ali, bug\u00fcn bakanl\u0131kta d\u00fczenlenen toplant\u0131da, Suriyeli gurbet\u00e7ilerin g\u00fcvenli bir \u015fekilde geri d\u00f6n\u00fc\u015flerinin sa\u011flanmas\u0131 i\u00e7in sa\u011fl\u0131k ihtiya\u00e7lar\u0131n\u0131n g\u00fcvence alt\u0131na al\u0131nmas\u0131n\u0131n gereklili\u011fini vurgulayark, bakanl\u0131\u011f\u0131n, \u00f6zellikle \u00e7ocuklarda ruh sa\u011fl\u0131\u011f\u0131, \u00fcreme sa\u011fl\u0131\u011f\u0131 ve kan &hellip;<\/p>\n","protected":false},"author":41,"featured_media":319579,"comment_status":"closed","ping_status":"closed","sticky":false,"template":"","format":"standard","meta":{"footnotes":""},"categories":[589,479,17988,478],"tags":[],"class_list":["post-319578","post","type-post","status-publish","format-standard","has-post-thumbnail","","category-haber-seridi","category-haberler-yerel","category-son-haberler","category-yerel"],"_links":{"self":[{"href":"https:\/\/archive.sana.sy\/tr\/index.php?rest_route=\/wp\/v2\/posts\/319578","targetHints":{"allow":["GET"]}}],"collection":[{"href":"https:\/\/archive.sana.sy\/tr\/index.php?rest_route=\/wp\/v2\/posts"}],"about":[{"href":"https:\/\/archive.sana.sy\/tr\/index.php?rest_route=\/wp\/v2\/types\/post"}],"author":[{"embeddable":true,"href":"https:\/\/archive.sana.sy\/tr\/index.php?rest_route=\/wp\/v2\/users\/41"}],"replies":[{"embeddable":true,"href":"https:\/\/archive.sana.sy\/tr\/index.php?rest_route=%2Fwp%2Fv2%2Fcomments&post=319578"}],"version-history":[{"count":1,"href":"https:\/\/archive.sana.sy\/tr\/index.php?rest_route=\/wp\/v2\/posts\/319578\/revisions"}],"predecessor-version":[{"id":319581,"href":"https:\/\/archive.sana.sy\/tr\/index.php?rest_route=\/wp\/v2\/posts\/319578\/revisions\/319581"}],"wp:featuredmedia":[{"embeddable":true,"href":"https:\/\/archive.sana.sy\/tr\/index.php?rest_route=\/wp\/v2\/media\/319579"}],"wp:attachment":[{"href":"https:\/\/archive.sana.sy\/tr\/index.php?rest_route=%2Fwp%2Fv2%2Fmedia&parent=319578"}],"wp:term":[{"taxonomy":"category","embeddable":true,"href":"https:\/\/archive.sana.sy\/tr\/index.php?rest_route=%2Fwp%2Fv2%2Fcategories&post=319578"},{"taxonomy":"post_tag","embeddable":true,"href":"https:\/\/archive.sana.sy\/tr\/index.php?rest_route=%2Fwp%2Fv2%2Ftags&post=319578"}],"curies":[{"name":"wp","href":"https:\/\/api.w.org\/{rel}","templated":true}]}}