{"id":319617,"date":"2025-04-24T08:04:40","date_gmt":"2025-04-24T05:04:40","guid":{"rendered":"https:\/\/sana.sy\/tr\/?p=319617"},"modified":"2025-04-25T10:11:06","modified_gmt":"2025-04-25T07:11:06","slug":"bakan-el-seybani-arap-birligi-konseyinin-bakanlar-duzeyindeki-olagan-zirve-toplantisinda-suriyeyi-temsil-etti","status":"publish","type":"post","link":"https:\/\/archive.sana.sy\/tr\/?p=319617","title":{"rendered":"Bakan El \u015eeybani, Arap Birli\u011fi Konseyi&#8217;nin Bakanlar D\u00fczeyindeki Ola\u011fan Zirve Toplant\u0131s\u0131nda Suriye&#8217;yi Temsil Etti"},"content":{"rendered":"<p style=\"text-align: justify;\"><span style=\"color: #800000;\"><strong>KAH\u0130RE (SANA)<\/strong> <\/span>&#8211; D\u0131\u015fi\u015fleri Bakan\u0131 Say\u0131n Asaad Hasan El \u015eeybani, Arap Birli\u011fi Genel Sekreterli\u011fi&#8217;nin Kahire&#8217;deki merkezinde d\u00fczenlenen bakanlar d\u00fczeyindeki ola\u011fan zirve toplant\u0131s\u0131na ilk kez Suriye&#8217;yi temsil etti.<\/p>\n<div id='gallery-1' class='gallery galleryid-319617 gallery-columns-1 gallery-size-full'><figure class='gallery-item'>\n\t\t\t<div class='gallery-icon landscape'>\n\t\t\t\t<a href='https:\/\/archive.sana.sy\/tr\/wp-content\/uploads\/2025\/04\/3333-2.jpg'><img loading=\"lazy\" decoding=\"async\" width=\"660\" height=\"370\" src=\"https:\/\/archive.sana.sy\/tr\/wp-content\/uploads\/2025\/04\/3333-2.jpg\" class=\"attachment-full size-full\" alt=\"\" srcset=\"https:\/\/archive.sana.sy\/tr\/wp-content\/uploads\/2025\/04\/3333-2.jpg 660w, https:\/\/archive.sana.sy\/tr\/wp-content\/uploads\/2025\/04\/3333-2-300x168.jpg 300w\" sizes=\"auto, (max-width: 660px) 100vw, 660px\" \/><\/a>\n\t\t\t<\/div><\/figure>\n\t\t<\/div>\n\n","protected":false},"excerpt":{"rendered":"<p>KAH\u0130RE (SANA) &#8211; D\u0131\u015fi\u015fleri Bakan\u0131 Say\u0131n Asaad Hasan El \u015eeybani, Arap Birli\u011fi Genel Sekreterli\u011fi&#8217;nin Kahire&#8217;deki merkezinde d\u00fczenlenen bakanlar d\u00fczeyindeki ola\u011fan zirve toplant\u0131s\u0131na ilk kez Suriye&#8217;yi temsil etti.<\/p>\n","protected":false},"author":39,"featured_media":319618,"comment_status":"closed","ping_status":"closed","sticky":false,"template":"","format":"standard","meta":{"footnotes":""},"categories":[458,459],"tags":[],"class_list":["post-319617","post","type-post","status-publish","format-standard","has-post-thumbnail","","category-dunya1","category-haberler-arap-uluslararasi-politika"],"_links":{"self":[{"href":"https:\/\/archive.sana.sy\/tr\/index.php?rest_route=\/wp\/v2\/posts\/319617","targetHints":{"allow":["GET"]}}],"collection":[{"href":"https:\/\/archive.sana.sy\/tr\/index.php?rest_route=\/wp\/v2\/posts"}],"about":[{"href":"https:\/\/archive.sana.sy\/tr\/index.php?rest_route=\/wp\/v2\/types\/post"}],"author":[{"embeddable":true,"href":"https:\/\/archive.sana.sy\/tr\/index.php?rest_route=\/wp\/v2\/users\/39"}],"replies":[{"embeddable":true,"href":"https:\/\/archive.sana.sy\/tr\/index.php?rest_route=%2Fwp%2Fv2%2Fcomments&post=319617"}],"version-history":[{"count":3,"href":"https:\/\/archive.sana.sy\/tr\/index.php?rest_route=\/wp\/v2\/posts\/319617\/revisions"}],"predecessor-version":[{"id":319687,"href":"https:\/\/archive.sana.sy\/tr\/index.php?rest_route=\/wp\/v2\/posts\/319617\/revisions\/319687"}],"wp:featuredmedia":[{"embeddable":true,"href":"https:\/\/archive.sana.sy\/tr\/index.php?rest_route=\/wp\/v2\/media\/319618"}],"wp:attachment":[{"href":"https:\/\/archive.sana.sy\/tr\/index.php?rest_route=%2Fwp%2Fv2%2Fmedia&parent=319617"}],"wp:term":[{"taxonomy":"category","embeddable":true,"href":"https:\/\/archive.sana.sy\/tr\/index.php?rest_route=%2Fwp%2Fv2%2Fcategories&post=319617"},{"taxonomy":"post_tag","embeddable":true,"href":"https:\/\/archive.sana.sy\/tr\/index.php?rest_route=%2Fwp%2Fv2%2Ftags&post=319617"}],"curies":[{"name":"wp","href":"https:\/\/api.w.org\/{rel}","templated":true}]}}