{"id":319621,"date":"2025-04-24T10:21:55","date_gmt":"2025-04-24T07:21:55","guid":{"rendered":"https:\/\/sana.sy\/tr\/?p=319621"},"modified":"2025-04-24T19:05:18","modified_gmt":"2025-04-24T16:05:18","slug":"ermenistan-suriyeye-126-bin-dolar-degerinde-yardim-saglayacak","status":"publish","type":"post","link":"https:\/\/archive.sana.sy\/tr\/?p=319621","title":{"rendered":"Ermenistan Suriye\u2019ye 126 Bin Dolar De\u011ferinde Yard\u0131m Sa\u011flayacak"},"content":{"rendered":"<p style=\"text-align: justify;\"><strong><span style=\"color: #800000;\">ER\u0130VAN (SANA)<\/span> \u2013<\/strong> Ermenistan&#8217;\u0131n &#8220;Arivelk&#8221; gazetesi, h\u00fck\u00fcmetin ger\u00e7ekle\u015ftirdi\u011fi ola\u011fan toplant\u0131da \u0130\u00e7i\u015fleri Bakanl\u0131\u011f\u0131\u2019n\u0131n sundu\u011fu teklif do\u011frultusunda Suriye halk\u0131na 49 milyon Ermenistan dram\u0131n\u0131 a\u015fan, yani yakla\u015f\u0131k 126 bin ABD dolar\u0131 tutar\u0131nda insani yard\u0131m sa\u011flanmas\u0131na karar verildi\u011fini bildirdi.<\/p>\n<p style=\"text-align: justify;\">Gazete, bu yard\u0131mlar\u0131n sa\u011fl\u0131k malzemeleri, ila\u00e7lar, g\u0131da ve ev ihtiya\u00e7lar\u0131 gibi alanlarda kullan\u0131laca\u011f\u0131n\u0131 aktard\u0131.<\/p>\n<p style=\"text-align: justify;\">Gazete ayr\u0131ca, Suriye\u2019deki mevcut durumdan etkilenen ki\u015filere temel g\u00fcnl\u00fck ihtiya\u00e7lar g\u00f6z \u00f6n\u00fcnde bulundurularak bu yard\u0131mlar\u0131n ula\u015ft\u0131r\u0131laca\u011f\u0131 belirtildi.<\/p>\n","protected":false},"excerpt":{"rendered":"<p>ER\u0130VAN (SANA) \u2013 Ermenistan&#8217;\u0131n &#8220;Arivelk&#8221; gazetesi, h\u00fck\u00fcmetin ger\u00e7ekle\u015ftirdi\u011fi ola\u011fan toplant\u0131da \u0130\u00e7i\u015fleri Bakanl\u0131\u011f\u0131\u2019n\u0131n sundu\u011fu teklif do\u011frultusunda Suriye halk\u0131na 49 milyon Ermenistan dram\u0131n\u0131 a\u015fan, yani yakla\u015f\u0131k 126 bin ABD dolar\u0131 tutar\u0131nda insani yard\u0131m sa\u011flanmas\u0131na karar verildi\u011fini bildirdi. Gazete, bu yard\u0131mlar\u0131n sa\u011fl\u0131k malzemeleri, ila\u00e7lar, g\u0131da ve ev ihtiya\u00e7lar\u0131 gibi alanlarda kullan\u0131laca\u011f\u0131n\u0131 aktard\u0131. Gazete ayr\u0131ca, Suriye\u2019deki mevcut durumdan etkilenen &hellip;<\/p>\n","protected":false},"author":39,"featured_media":319626,"comment_status":"closed","ping_status":"closed","sticky":false,"template":"","format":"standard","meta":{"footnotes":""},"categories":[458,589,459,17988],"tags":[],"class_list":["post-319621","post","type-post","status-publish","format-standard","has-post-thumbnail","","category-dunya1","category-haber-seridi","category-haberler-arap-uluslararasi-politika","category-son-haberler"],"_links":{"self":[{"href":"https:\/\/archive.sana.sy\/tr\/index.php?rest_route=\/wp\/v2\/posts\/319621","targetHints":{"allow":["GET"]}}],"collection":[{"href":"https:\/\/archive.sana.sy\/tr\/index.php?rest_route=\/wp\/v2\/posts"}],"about":[{"href":"https:\/\/archive.sana.sy\/tr\/index.php?rest_route=\/wp\/v2\/types\/post"}],"author":[{"embeddable":true,"href":"https:\/\/archive.sana.sy\/tr\/index.php?rest_route=\/wp\/v2\/users\/39"}],"replies":[{"embeddable":true,"href":"https:\/\/archive.sana.sy\/tr\/index.php?rest_route=%2Fwp%2Fv2%2Fcomments&post=319621"}],"version-history":[{"count":2,"href":"https:\/\/archive.sana.sy\/tr\/index.php?rest_route=\/wp\/v2\/posts\/319621\/revisions"}],"predecessor-version":[{"id":319689,"href":"https:\/\/archive.sana.sy\/tr\/index.php?rest_route=\/wp\/v2\/posts\/319621\/revisions\/319689"}],"wp:featuredmedia":[{"embeddable":true,"href":"https:\/\/archive.sana.sy\/tr\/index.php?rest_route=\/wp\/v2\/media\/319626"}],"wp:attachment":[{"href":"https:\/\/archive.sana.sy\/tr\/index.php?rest_route=%2Fwp%2Fv2%2Fmedia&parent=319621"}],"wp:term":[{"taxonomy":"category","embeddable":true,"href":"https:\/\/archive.sana.sy\/tr\/index.php?rest_route=%2Fwp%2Fv2%2Fcategories&post=319621"},{"taxonomy":"post_tag","embeddable":true,"href":"https:\/\/archive.sana.sy\/tr\/index.php?rest_route=%2Fwp%2Fv2%2Ftags&post=319621"}],"curies":[{"name":"wp","href":"https:\/\/api.w.org\/{rel}","templated":true}]}}