{"id":319627,"date":"2025-04-24T09:16:45","date_gmt":"2025-04-24T06:16:45","guid":{"rendered":"https:\/\/sana.sy\/tr\/?p=319627"},"modified":"2025-04-24T10:24:03","modified_gmt":"2025-04-24T07:24:03","slug":"bayindirlik-ve-iskan-bakani-ulastirma-ve-altyapi-bakani-ile-ortak-isbirligini-gelistirme-yollarini-ele-aldi","status":"publish","type":"post","link":"https:\/\/archive.sana.sy\/tr\/?p=319627","title":{"rendered":"Bay\u0131nd\u0131rl\u0131k ve \u0130sk\u00e2n Bakan\u0131, T\u00fcrk Ula\u015ft\u0131rma ve Altyap\u0131 Bakan\u0131 ile Ortak \u0130\u015fbirli\u011fini Geli\u015ftirme Yollar\u0131n\u0131 Ele Ald\u0131"},"content":{"rendered":"<p style=\"text-align: justify;\"><strong>\u015eAM (SANA) \u2013<\/strong> Bay\u0131nd\u0131rl\u0131k ve \u0130sk\u00e2n Bakan\u0131 M\u00fch. Mustafa Abdulrazzak, T\u00fcrk Ula\u015ft\u0131rma ve Altyap\u0131 Bakan\u0131 Abdulkadir Uralo\u011flu ve beraberindeki heyetle, iki \u00fclke aras\u0131nda bakanl\u0131\u011f\u0131n sorumluluk alan\u0131na giren konularda i\u015f birli\u011fini geli\u015ftirme yollar\u0131n\u0131 g\u00f6r\u00fc\u015ft\u00fc.<\/p>\n<p style=\"text-align: justify;\">\u015eam\u2019daki bakanl\u0131k binas\u0131nda ger\u00e7ekle\u015fen g\u00f6r\u00fc\u015fmede, yol yap\u0131m \u00e7al\u0131\u015fmalar\u0131, ula\u015f\u0131m altyap\u0131s\u0131n\u0131n g\u00fc\u00e7lendirilmesi ve T\u00fcrkiye ile ortak kullan\u0131lan uluslararas\u0131 yollar\u0131n uluslararas\u0131 standartlara uygun \u015fekilde hizmet vermesi olanaklar\u0131 de\u011ferlendirildi.<\/p>\n<p style=\"text-align: justify;\">Bakan Abdulrazzak, kuzey ile g\u00fcney Suriye\u2019yi birbirine ba\u011flayan yeni bir k\u00f6pr\u00fcn\u00fcn in\u015fas\u0131n\u0131n m\u00fcmk\u00fcn oldu\u011funu ifade ederek, Rastan K\u00f6pr\u00fcs\u00fc\u2019n\u00fcn onar\u0131m \u00e7al\u0131\u015fmalar\u0131n\u0131n s\u00fcrd\u00fc\u011f\u00fcn\u00fc belirtti.<\/p>\n<p style=\"text-align: justify;\">Bakan ayr\u0131ca, T\u00fcrk heyetinin ziyaretinin iki taraf i\u00e7in de faydal\u0131 olaca\u011f\u0131na dikkat \u00e7ekerek, teknik uzmanl\u0131k al\u0131\u015fveri\u015fi ile ortak teknik ekip ziyaretlerinin \u00f6nemini vurgulad\u0131.<\/p>\n<p style=\"text-align: justify;\">Kendi y\u00f6n\u00fcnden Bakan O\u011flu, iki bakanl\u0131k aras\u0131nda ortak \u00e7al\u0131\u015fmalara ili\u015fkin t\u00fcm hizmetlerin sa\u011flanmas\u0131 imk\u00e2n\u0131na i\u015faret ederek, kara ve deniz yollar\u0131n\u0131n ortak etkile\u015fim, \u00f6rg\u00fctlenme, izleme mekanizmas\u0131 ve bunlar\u0131n iyile\u015ftirilmesi konular\u0131na de\u011findi.<\/p>\n<div id='gallery-1' class='gallery galleryid-319627 gallery-columns-2 gallery-size-full'><figure class='gallery-item'>\n\t\t\t<div class='gallery-icon landscape'>\n\t\t\t\t<a href='https:\/\/archive.sana.sy\/tr\/wp-content\/uploads\/2025\/04\/photo_2025-04-23_21-03-28.jpg'><img loading=\"lazy\" decoding=\"async\" width=\"1280\" height=\"767\" src=\"https:\/\/archive.sana.sy\/tr\/wp-content\/uploads\/2025\/04\/photo_2025-04-23_21-03-28.jpg\" class=\"attachment-full size-full\" alt=\"\" srcset=\"https:\/\/archive.sana.sy\/tr\/wp-content\/uploads\/2025\/04\/photo_2025-04-23_21-03-28.jpg 1280w, https:\/\/archive.sana.sy\/tr\/wp-content\/uploads\/2025\/04\/photo_2025-04-23_21-03-28-300x180.jpg 300w, https:\/\/archive.sana.sy\/tr\/wp-content\/uploads\/2025\/04\/photo_2025-04-23_21-03-28-1024x614.jpg 1024w, https:\/\/archive.sana.sy\/tr\/wp-content\/uploads\/2025\/04\/photo_2025-04-23_21-03-28-768x460.jpg 768w\" sizes=\"auto, (max-width: 1280px) 100vw, 1280px\" \/><\/a>\n\t\t\t<\/div><\/figure><figure class='gallery-item'>\n\t\t\t<div class='gallery-icon landscape'>\n\t\t\t\t<a href='https:\/\/archive.sana.sy\/tr\/wp-content\/uploads\/2025\/04\/photo_2025-04-23_21-03-30.jpg'><img loading=\"lazy\" decoding=\"async\" width=\"1280\" height=\"782\" src=\"https:\/\/archive.sana.sy\/tr\/wp-content\/uploads\/2025\/04\/photo_2025-04-23_21-03-30.jpg\" class=\"attachment-full size-full\" alt=\"\" srcset=\"https:\/\/archive.sana.sy\/tr\/wp-content\/uploads\/2025\/04\/photo_2025-04-23_21-03-30.jpg 1280w, https:\/\/archive.sana.sy\/tr\/wp-content\/uploads\/2025\/04\/photo_2025-04-23_21-03-30-300x183.jpg 300w, https:\/\/archive.sana.sy\/tr\/wp-content\/uploads\/2025\/04\/photo_2025-04-23_21-03-30-1024x626.jpg 1024w, https:\/\/archive.sana.sy\/tr\/wp-content\/uploads\/2025\/04\/photo_2025-04-23_21-03-30-768x469.jpg 768w\" sizes=\"auto, (max-width: 1280px) 100vw, 1280px\" \/><\/a>\n\t\t\t<\/div><\/figure>\n\t\t<\/div>\n\n","protected":false},"excerpt":{"rendered":"<p>\u015eAM (SANA) \u2013 Bay\u0131nd\u0131rl\u0131k ve \u0130sk\u00e2n Bakan\u0131 M\u00fch. Mustafa Abdulrazzak, T\u00fcrk Ula\u015ft\u0131rma ve Altyap\u0131 Bakan\u0131 Abdulkadir Uralo\u011flu ve beraberindeki heyetle, iki \u00fclke aras\u0131nda bakanl\u0131\u011f\u0131n sorumluluk alan\u0131na giren konularda i\u015f birli\u011fini geli\u015ftirme yollar\u0131n\u0131 g\u00f6r\u00fc\u015ft\u00fc. \u015eam\u2019daki bakanl\u0131k binas\u0131nda ger\u00e7ekle\u015fen g\u00f6r\u00fc\u015fmede, yol yap\u0131m \u00e7al\u0131\u015fmalar\u0131, ula\u015f\u0131m altyap\u0131s\u0131n\u0131n g\u00fc\u00e7lendirilmesi ve T\u00fcrkiye ile ortak kullan\u0131lan uluslararas\u0131 yollar\u0131n uluslararas\u0131 standartlara uygun \u015fekilde &hellip;<\/p>\n","protected":false},"author":39,"featured_media":319628,"comment_status":"closed","ping_status":"closed","sticky":false,"template":"","format":"standard","meta":{"footnotes":""},"categories":[458,589,459,17988,2554,2555],"tags":[],"class_list":["post-319627","post","type-post","status-publish","format-standard","has-post-thumbnail","","category-dunya1","category-haber-seridi","category-haberler-arap-uluslararasi-politika","category-son-haberler","category-suriye-ve-dunya","category-suriye-ve-turkiye"],"_links":{"self":[{"href":"https:\/\/archive.sana.sy\/tr\/index.php?rest_route=\/wp\/v2\/posts\/319627","targetHints":{"allow":["GET"]}}],"collection":[{"href":"https:\/\/archive.sana.sy\/tr\/index.php?rest_route=\/wp\/v2\/posts"}],"about":[{"href":"https:\/\/archive.sana.sy\/tr\/index.php?rest_route=\/wp\/v2\/types\/post"}],"author":[{"embeddable":true,"href":"https:\/\/archive.sana.sy\/tr\/index.php?rest_route=\/wp\/v2\/users\/39"}],"replies":[{"embeddable":true,"href":"https:\/\/archive.sana.sy\/tr\/index.php?rest_route=%2Fwp%2Fv2%2Fcomments&post=319627"}],"version-history":[{"count":10,"href":"https:\/\/archive.sana.sy\/tr\/index.php?rest_route=\/wp\/v2\/posts\/319627\/revisions"}],"predecessor-version":[{"id":319649,"href":"https:\/\/archive.sana.sy\/tr\/index.php?rest_route=\/wp\/v2\/posts\/319627\/revisions\/319649"}],"wp:featuredmedia":[{"embeddable":true,"href":"https:\/\/archive.sana.sy\/tr\/index.php?rest_route=\/wp\/v2\/media\/319628"}],"wp:attachment":[{"href":"https:\/\/archive.sana.sy\/tr\/index.php?rest_route=%2Fwp%2Fv2%2Fmedia&parent=319627"}],"wp:term":[{"taxonomy":"category","embeddable":true,"href":"https:\/\/archive.sana.sy\/tr\/index.php?rest_route=%2Fwp%2Fv2%2Fcategories&post=319627"},{"taxonomy":"post_tag","embeddable":true,"href":"https:\/\/archive.sana.sy\/tr\/index.php?rest_route=%2Fwp%2Fv2%2Ftags&post=319627"}],"curies":[{"name":"wp","href":"https:\/\/api.w.org\/{rel}","templated":true}]}}