{"id":319640,"date":"2025-04-24T10:20:08","date_gmt":"2025-04-24T07:20:08","guid":{"rendered":"https:\/\/sana.sy\/tr\/?p=319640"},"modified":"2025-04-24T10:24:57","modified_gmt":"2025-04-24T07:24:57","slug":"milli-egitim-bakani-turkiye-buyukelciligi-heyetiyle-egitim-alaninda-ortak-isbirligini-gorustu","status":"publish","type":"post","link":"https:\/\/archive.sana.sy\/tr\/?p=319640","title":{"rendered":"E\u011fitim Bakan\u0131, T\u00fcrkiye B\u00fcy\u00fckel\u00e7ili\u011fi Heyetiyle E\u011fitim Alan\u0131nda Ortak \u0130\u015fbirli\u011fini G\u00f6r\u00fc\u015ft\u00fc"},"content":{"rendered":"<p style=\"text-align: justify;\"><strong>\u015eAM (SANA) \u2013<\/strong> E\u011fitim Bakan\u0131 E\u011fitim Bakan\u0131 Dr. Muhammed Abdurrahman Tarku, T\u00fcrkiye&#8217;nin \u015eam B\u00fcy\u00fckel\u00e7isi Dr. Burhan K\u00f6ro\u011flu ba\u015fkanl\u0131\u011f\u0131ndaki T\u00fcrkiye \u015eam B\u00fcy\u00fckel\u00e7ili\u011fi heyeti ve T\u00fcrk Bilgi Vakf\u0131 M\u00fcd\u00fcr\u00fc ile iki \u00fclke aras\u0131nda e\u011fitim alan\u0131nda yap\u0131labilecek ortak i\u015f birliklerini g\u00f6r\u00fc\u015ft\u00fc.<\/p>\n<p style=\"text-align: justify;\"><img loading=\"lazy\" decoding=\"async\" class=\"size-full wp-image-319643 alignright\" src=\"http:\/\/sana.sy\/tr\/wp-content\/uploads\/2025\/04\/444-2.jpg\" alt=\"\" width=\"300\" height=\"175\" \/>\u015eam&#8217;daki Bakanl\u0131k binas\u0131nda d\u00fczenlenen toplant\u0131da, \u00f6zellikle sertifikaland\u0131rma alan\u0131nda Suriyeli \u00f6\u011frencilerin geri d\u00f6n\u00fc\u015flerinin kolayla\u015ft\u0131r\u0131lmas\u0131 ve okul kay\u0131t i\u015flemlerinin kolayla\u015ft\u0131r\u0131lmas\u0131 konular\u0131 ele al\u0131nd\u0131.<\/p>\n<p style=\"text-align: justify;\">T\u00fcrk heyeti ise y\u0131k\u0131lan okullar\u0131n yeniden in\u015fas\u0131na katk\u0131da bulunmaya ve e\u011fitim s\u00fcrecinin iyile\u015ftirilmesi i\u00e7in gerekli deste\u011fi sa\u011flamaya haz\u0131r oldu\u011funu ifade etti.<\/p>\n","protected":false},"excerpt":{"rendered":"<p>\u015eAM (SANA) \u2013 E\u011fitim Bakan\u0131 E\u011fitim Bakan\u0131 Dr. Muhammed Abdurrahman Tarku, T\u00fcrkiye&#8217;nin \u015eam B\u00fcy\u00fckel\u00e7isi Dr. Burhan K\u00f6ro\u011flu ba\u015fkanl\u0131\u011f\u0131ndaki T\u00fcrkiye \u015eam B\u00fcy\u00fckel\u00e7ili\u011fi heyeti ve T\u00fcrk Bilgi Vakf\u0131 M\u00fcd\u00fcr\u00fc ile iki \u00fclke aras\u0131nda e\u011fitim alan\u0131nda yap\u0131labilecek ortak i\u015f birliklerini g\u00f6r\u00fc\u015ft\u00fc. \u015eam&#8217;daki Bakanl\u0131k binas\u0131nda d\u00fczenlenen toplant\u0131da, \u00f6zellikle sertifikaland\u0131rma alan\u0131nda Suriyeli \u00f6\u011frencilerin geri d\u00f6n\u00fc\u015flerinin kolayla\u015ft\u0131r\u0131lmas\u0131 ve okul kay\u0131t i\u015flemlerinin &hellip;<\/p>\n","protected":false},"author":39,"featured_media":319641,"comment_status":"closed","ping_status":"closed","sticky":false,"template":"","format":"standard","meta":{"footnotes":""},"categories":[589,479,17988,2554,2555,478],"tags":[],"class_list":["post-319640","post","type-post","status-publish","format-standard","has-post-thumbnail","","category-haber-seridi","category-haberler-yerel","category-son-haberler","category-suriye-ve-dunya","category-suriye-ve-turkiye","category-yerel"],"_links":{"self":[{"href":"https:\/\/archive.sana.sy\/tr\/index.php?rest_route=\/wp\/v2\/posts\/319640","targetHints":{"allow":["GET"]}}],"collection":[{"href":"https:\/\/archive.sana.sy\/tr\/index.php?rest_route=\/wp\/v2\/posts"}],"about":[{"href":"https:\/\/archive.sana.sy\/tr\/index.php?rest_route=\/wp\/v2\/types\/post"}],"author":[{"embeddable":true,"href":"https:\/\/archive.sana.sy\/tr\/index.php?rest_route=\/wp\/v2\/users\/39"}],"replies":[{"embeddable":true,"href":"https:\/\/archive.sana.sy\/tr\/index.php?rest_route=%2Fwp%2Fv2%2Fcomments&post=319640"}],"version-history":[{"count":2,"href":"https:\/\/archive.sana.sy\/tr\/index.php?rest_route=\/wp\/v2\/posts\/319640\/revisions"}],"predecessor-version":[{"id":319648,"href":"https:\/\/archive.sana.sy\/tr\/index.php?rest_route=\/wp\/v2\/posts\/319640\/revisions\/319648"}],"wp:featuredmedia":[{"embeddable":true,"href":"https:\/\/archive.sana.sy\/tr\/index.php?rest_route=\/wp\/v2\/media\/319641"}],"wp:attachment":[{"href":"https:\/\/archive.sana.sy\/tr\/index.php?rest_route=%2Fwp%2Fv2%2Fmedia&parent=319640"}],"wp:term":[{"taxonomy":"category","embeddable":true,"href":"https:\/\/archive.sana.sy\/tr\/index.php?rest_route=%2Fwp%2Fv2%2Fcategories&post=319640"},{"taxonomy":"post_tag","embeddable":true,"href":"https:\/\/archive.sana.sy\/tr\/index.php?rest_route=%2Fwp%2Fv2%2Ftags&post=319640"}],"curies":[{"name":"wp","href":"https:\/\/api.w.org\/{rel}","templated":true}]}}