{"id":319645,"date":"2025-04-24T10:06:23","date_gmt":"2025-04-24T07:06:23","guid":{"rendered":"https:\/\/sana.sy\/tr\/?p=319645"},"modified":"2025-04-24T10:06:23","modified_gmt":"2025-04-24T07:06:23","slug":"safadi-suriyenin-yeniden-imar-cabalarina-destegimizi-teyit-ediyoruz","status":"publish","type":"post","link":"https:\/\/archive.sana.sy\/tr\/?p=319645","title":{"rendered":"Safadi: Suriye&#8217;nin Yeniden \u0130mar \u00c7abalar\u0131na Deste\u011fimizi Teyit Ediyoruz"},"content":{"rendered":"<p style=\"text-align: justify;\"><strong>KAH\u0130RE (SANA) \u2013<\/strong> \u00dcrd\u00fcn Ba\u015fbakan Yard\u0131mc\u0131s\u0131 ve D\u0131\u015fi\u015fleri ve Gurbet\u00e7iler Bakan\u0131 Ayman Safadi, \u00fclkesinin Suriye&#8217;nin yeniden imar \u00e7abalar\u0131na ve Suriyeli karde\u015f halk\u0131n beklentilerinin ger\u00e7ekle\u015ftirilmesine deste\u011fini teyit etti.<\/p>\n<p style=\"text-align: justify;\">\u00dcrd\u00fcn\u2019\u00fcn \u201cEl Mamlaka\u201d televizyon kanal\u0131n\u0131n aktard\u0131\u011f\u0131na g\u00f6re, Safadi, Kahire\u2019de \u00dcrd\u00fcn\u2019\u00fcn ba\u015fkanl\u0131\u011f\u0131nda d\u00fczenlenen Arap Birli\u011fi Konseyi\u2019nin 163. ola\u011fan bakanlar toplant\u0131s\u0131nda yapt\u0131\u011f\u0131 konu\u015fmada \u015fu ifadeleri kulland\u0131:<br \/>\n&#8220;Suriye\u2019nin yeniden imar \u00e7abalar\u0131na, \u00fclkenin birli\u011fini, g\u00fcvenli\u011fini, toplumsal b\u00fct\u00fcnl\u00fc\u011f\u00fcn\u00fc ve egemenli\u011fini garanti alt\u0131na alan, ter\u00f6rden ar\u0131nd\u0131r\u0131lm\u0131\u015f, m\u00fcltecilerin g\u00f6n\u00fcll\u00fc geri d\u00f6n\u00fc\u015f\u00fcne imk\u00e2n tan\u0131yan ve Suriyeli karde\u015f halk\u0131n \u00f6zlemlerini ger\u00e7ekle\u015ftiren temeller \u00fczerinde deste\u011fimizi vurguluyoruz.&#8221;<\/p>\n<p style=\"text-align: justify;\">Safadi ayr\u0131ca, toplant\u0131ya kat\u0131lan Suriye D\u0131\u015fi\u015fleri ve Gurbet\u00e7iler Bakan\u0131 Esad El \u015eeybani\u2019yi de memnuniyetle kar\u015f\u0131lad\u0131.<\/p>\n","protected":false},"excerpt":{"rendered":"<p>KAH\u0130RE (SANA) \u2013 \u00dcrd\u00fcn Ba\u015fbakan Yard\u0131mc\u0131s\u0131 ve D\u0131\u015fi\u015fleri ve Gurbet\u00e7iler Bakan\u0131 Ayman Safadi, \u00fclkesinin Suriye&#8217;nin yeniden imar \u00e7abalar\u0131na ve Suriyeli karde\u015f halk\u0131n beklentilerinin ger\u00e7ekle\u015ftirilmesine deste\u011fini teyit etti. \u00dcrd\u00fcn\u2019\u00fcn \u201cEl Mamlaka\u201d televizyon kanal\u0131n\u0131n aktard\u0131\u011f\u0131na g\u00f6re, Safadi, Kahire\u2019de \u00dcrd\u00fcn\u2019\u00fcn ba\u015fkanl\u0131\u011f\u0131nda d\u00fczenlenen Arap Birli\u011fi Konseyi\u2019nin 163. ola\u011fan bakanlar toplant\u0131s\u0131nda yapt\u0131\u011f\u0131 konu\u015fmada \u015fu ifadeleri kulland\u0131: &#8220;Suriye\u2019nin yeniden imar \u00e7abalar\u0131na, &hellip;<\/p>\n","protected":false},"author":39,"featured_media":319646,"comment_status":"closed","ping_status":"closed","sticky":false,"template":"","format":"standard","meta":{"footnotes":""},"categories":[458,589,459,17988],"tags":[],"class_list":["post-319645","post","type-post","status-publish","format-standard","has-post-thumbnail","","category-dunya1","category-haber-seridi","category-haberler-arap-uluslararasi-politika","category-son-haberler"],"_links":{"self":[{"href":"https:\/\/archive.sana.sy\/tr\/index.php?rest_route=\/wp\/v2\/posts\/319645","targetHints":{"allow":["GET"]}}],"collection":[{"href":"https:\/\/archive.sana.sy\/tr\/index.php?rest_route=\/wp\/v2\/posts"}],"about":[{"href":"https:\/\/archive.sana.sy\/tr\/index.php?rest_route=\/wp\/v2\/types\/post"}],"author":[{"embeddable":true,"href":"https:\/\/archive.sana.sy\/tr\/index.php?rest_route=\/wp\/v2\/users\/39"}],"replies":[{"embeddable":true,"href":"https:\/\/archive.sana.sy\/tr\/index.php?rest_route=%2Fwp%2Fv2%2Fcomments&post=319645"}],"version-history":[{"count":1,"href":"https:\/\/archive.sana.sy\/tr\/index.php?rest_route=\/wp\/v2\/posts\/319645\/revisions"}],"predecessor-version":[{"id":319647,"href":"https:\/\/archive.sana.sy\/tr\/index.php?rest_route=\/wp\/v2\/posts\/319645\/revisions\/319647"}],"wp:featuredmedia":[{"embeddable":true,"href":"https:\/\/archive.sana.sy\/tr\/index.php?rest_route=\/wp\/v2\/media\/319646"}],"wp:attachment":[{"href":"https:\/\/archive.sana.sy\/tr\/index.php?rest_route=%2Fwp%2Fv2%2Fmedia&parent=319645"}],"wp:term":[{"taxonomy":"category","embeddable":true,"href":"https:\/\/archive.sana.sy\/tr\/index.php?rest_route=%2Fwp%2Fv2%2Fcategories&post=319645"},{"taxonomy":"post_tag","embeddable":true,"href":"https:\/\/archive.sana.sy\/tr\/index.php?rest_route=%2Fwp%2Fv2%2Ftags&post=319645"}],"curies":[{"name":"wp","href":"https:\/\/api.w.org\/{rel}","templated":true}]}}