{"id":319653,"date":"2025-04-24T12:27:12","date_gmt":"2025-04-24T09:27:12","guid":{"rendered":"https:\/\/sana.sy\/tr\/?p=319653"},"modified":"2025-04-24T19:04:13","modified_gmt":"2025-04-24T16:04:13","slug":"turkiye-maliye-bakani-suriyeye-yonelik-yaptirimlarin-kaldirilmasi-gerektigini-vurguladi","status":"publish","type":"post","link":"https:\/\/archive.sana.sy\/tr\/?p=319653","title":{"rendered":"T\u00fcrkiye Maliye Bakan\u0131, Suriye&#8217;ye Y\u00f6nelik Yapt\u0131r\u0131mlar\u0131n Kald\u0131r\u0131lmas\u0131 Gerekti\u011fini Vurgulad\u0131"},"content":{"rendered":"<p style=\"text-align: justify;\"><strong><span style=\"color: #800000;\">VA\u015eINGTON (SANA)<\/span> \u2013<\/strong> Hazine ve Maliye Bakan\u0131 Mehmet \u015eim\u015fek, Suriye&#8217;ye uygulanan yapt\u0131r\u0131mlar\u0131n kald\u0131r\u0131lmas\u0131 gerekti\u011fini vurgulad\u0131.<\/p>\n<p style=\"text-align: justify;\">Anadolu Ajans\u0131\u2019n\u0131n aktard\u0131\u011f\u0131na g\u00f6re, \u015eim\u015fek\u2019in ABD&#8217;li mevkida\u015f\u0131 Scott Besant ile yapt\u0131\u011f\u0131 g\u00f6r\u00fc\u015fmede, Suriye\u2019ye y\u00f6nelik yapt\u0131r\u0131mlar\u0131n kald\u0131r\u0131lmas\u0131n\u0131n \u00f6nemine dikkat \u00e7ekti\u011fi belirtildi.<\/p>\n<p style=\"text-align: justify;\">G\u00f6r\u00fc\u015fmenin, Bakan \u015eim\u015fek\u2019in ABD\u2019de d\u00fczenlenen G20, Uluslararas\u0131 Para Fonu (IMF) ve D\u00fcnya Bankas\u0131\u2019n\u0131n Bahar Toplant\u0131lar\u0131na kat\u0131l\u0131m\u0131 \u00e7er\u00e7evesinde ger\u00e7ekle\u015fti\u011fi bildirildi.<\/p>\n<p style=\"text-align: justify;\">Bakanl\u0131ktan yap\u0131lan a\u00e7\u0131klamada, iki bakan\u0131n b\u00f6lgesel bar\u0131\u015f ve istikrar\u0131n sa\u011flanmas\u0131 amac\u0131yla at\u0131labilecek ad\u0131mlar\u0131 da ele ald\u0131\u011f\u0131 ifade edildi.<\/p>\n","protected":false},"excerpt":{"rendered":"<p>VA\u015eINGTON (SANA) \u2013 Hazine ve Maliye Bakan\u0131 Mehmet \u015eim\u015fek, Suriye&#8217;ye uygulanan yapt\u0131r\u0131mlar\u0131n kald\u0131r\u0131lmas\u0131 gerekti\u011fini vurgulad\u0131. Anadolu Ajans\u0131\u2019n\u0131n aktard\u0131\u011f\u0131na g\u00f6re, \u015eim\u015fek\u2019in ABD&#8217;li mevkida\u015f\u0131 Scott Besant ile yapt\u0131\u011f\u0131 g\u00f6r\u00fc\u015fmede, Suriye\u2019ye y\u00f6nelik yapt\u0131r\u0131mlar\u0131n kald\u0131r\u0131lmas\u0131n\u0131n \u00f6nemine dikkat \u00e7ekti\u011fi belirtildi. G\u00f6r\u00fc\u015fmenin, Bakan \u015eim\u015fek\u2019in ABD\u2019de d\u00fczenlenen G20, Uluslararas\u0131 Para Fonu (IMF) ve D\u00fcnya Bankas\u0131\u2019n\u0131n Bahar Toplant\u0131lar\u0131na kat\u0131l\u0131m\u0131 \u00e7er\u00e7evesinde ger\u00e7ekle\u015fti\u011fi bildirildi. Bakanl\u0131ktan &hellip;<\/p>\n","protected":false},"author":39,"featured_media":319654,"comment_status":"closed","ping_status":"closed","sticky":false,"template":"","format":"standard","meta":{"footnotes":""},"categories":[458,589,459,17988,2554,2555],"tags":[],"class_list":["post-319653","post","type-post","status-publish","format-standard","has-post-thumbnail","","category-dunya1","category-haber-seridi","category-haberler-arap-uluslararasi-politika","category-son-haberler","category-suriye-ve-dunya","category-suriye-ve-turkiye"],"_links":{"self":[{"href":"https:\/\/archive.sana.sy\/tr\/index.php?rest_route=\/wp\/v2\/posts\/319653","targetHints":{"allow":["GET"]}}],"collection":[{"href":"https:\/\/archive.sana.sy\/tr\/index.php?rest_route=\/wp\/v2\/posts"}],"about":[{"href":"https:\/\/archive.sana.sy\/tr\/index.php?rest_route=\/wp\/v2\/types\/post"}],"author":[{"embeddable":true,"href":"https:\/\/archive.sana.sy\/tr\/index.php?rest_route=\/wp\/v2\/users\/39"}],"replies":[{"embeddable":true,"href":"https:\/\/archive.sana.sy\/tr\/index.php?rest_route=%2Fwp%2Fv2%2Fcomments&post=319653"}],"version-history":[{"count":2,"href":"https:\/\/archive.sana.sy\/tr\/index.php?rest_route=\/wp\/v2\/posts\/319653\/revisions"}],"predecessor-version":[{"id":319688,"href":"https:\/\/archive.sana.sy\/tr\/index.php?rest_route=\/wp\/v2\/posts\/319653\/revisions\/319688"}],"wp:featuredmedia":[{"embeddable":true,"href":"https:\/\/archive.sana.sy\/tr\/index.php?rest_route=\/wp\/v2\/media\/319654"}],"wp:attachment":[{"href":"https:\/\/archive.sana.sy\/tr\/index.php?rest_route=%2Fwp%2Fv2%2Fmedia&parent=319653"}],"wp:term":[{"taxonomy":"category","embeddable":true,"href":"https:\/\/archive.sana.sy\/tr\/index.php?rest_route=%2Fwp%2Fv2%2Fcategories&post=319653"},{"taxonomy":"post_tag","embeddable":true,"href":"https:\/\/archive.sana.sy\/tr\/index.php?rest_route=%2Fwp%2Fv2%2Ftags&post=319653"}],"curies":[{"name":"wp","href":"https:\/\/api.w.org\/{rel}","templated":true}]}}