{"id":319656,"date":"2025-04-24T12:10:49","date_gmt":"2025-04-24T09:10:49","guid":{"rendered":"https:\/\/sana.sy\/tr\/?p=319656"},"modified":"2025-04-24T12:43:42","modified_gmt":"2025-04-24T09:43:42","slug":"egitim-ve-yuksekogretim-bakanligi-unrwa-ile-is-birliginin-artirilmasini-gorustu","status":"publish","type":"post","link":"https:\/\/archive.sana.sy\/tr\/?p=319656","title":{"rendered":"E\u011fitim ve Y\u00fcksek\u00f6\u011fretim Bakanl\u0131\u011f\u0131, UNRWA ile \u0130\u015f Birli\u011finin Art\u0131r\u0131lmas\u0131n\u0131 G\u00f6r\u00fc\u015ft\u00fc"},"content":{"rendered":"<p style=\"text-align: justify;\"><strong>\u015eAM (SANA)<\/strong> \u2013 E\u011fitim ve Y\u00fcksek\u00f6\u011fretim Bakan\u0131 Dr. Muhammed Abdurrahman Tarku, Birle\u015fmi\u015f Milletler Filistinli M\u00fcltecilere Yard\u0131m ve Bay\u0131nd\u0131rl\u0131k Ajans\u0131 (UNRWA) Suriye Direkt\u00f6r\u00fc Amanya Michael Eby ile bir araya geldi.<\/p>\n<p style=\"text-align: justify;\">G\u00f6r\u00fc\u015fmede, Suriye\u2019deki e\u011fitim durumu ile Bakanl\u0131k ve UNRWA aras\u0131ndaki i\u015f birli\u011finin geli\u015ftirilmesine y\u00f6nelik mekanizmalar ele al\u0131nd\u0131.<\/p>\n<p style=\"text-align: justify;\">\u015eam\u2019daki Bakanl\u0131k binas\u0131nda ger\u00e7ekle\u015fen g\u00f6r\u00fc\u015fmede, kurulu\u015fun e\u011fitim alan\u0131ndaki gelecekteki projeleri, y\u0131k\u0131lan okul binalar\u0131n\u0131n durumu ile bu yap\u0131lar\u0131n yeniden in\u015fas\u0131 ve restorasyon s\u00fcreci masaya yat\u0131r\u0131ld\u0131.<\/p>\n<p style=\"text-align: justify;\">Bakan Tarku, g\u00f6r\u00fc\u015fmede ayr\u0131ca, Suriye\u2019ye uygulanan ekonomik yapt\u0131r\u0131mlar\u0131n ba\u015fta e\u011fitim olmak \u00fczere \u00e7e\u015fitli alanlardaki yeniden yap\u0131lanma \u00e7abalar\u0131n\u0131 engelledi\u011fine dikkat \u00e7ekti.<\/p>\n<p style=\"text-align: justify;\">UNRWA heyeti ise, okul binalar\u0131, \u00f6\u011fretmen e\u011fitimi ve vas\u0131fland\u0131rma konular\u0131nda Bakanl\u0131\u011fa destek vermeye haz\u0131r olduklar\u0131n\u0131 ifade etti.<\/p>\n<p style=\"text-align: justify;\">Heyet ayr\u0131ca, kurulu\u015fun e\u011fitim sekt\u00f6r\u00fcndeki \u00e7al\u0131\u015fma y\u00f6ntemleri, kar\u015f\u0131la\u015ft\u0131\u011f\u0131 zorluklar ve sunulan hizmetlerin iyile\u015ftirilmesine katk\u0131 sa\u011flayacak mekanizmalar hakk\u0131nda bilgi verdi.<\/p>\n","protected":false},"excerpt":{"rendered":"<p>\u015eAM (SANA) \u2013 E\u011fitim ve Y\u00fcksek\u00f6\u011fretim Bakan\u0131 Dr. Muhammed Abdurrahman Tarku, Birle\u015fmi\u015f Milletler Filistinli M\u00fcltecilere Yard\u0131m ve Bay\u0131nd\u0131rl\u0131k Ajans\u0131 (UNRWA) Suriye Direkt\u00f6r\u00fc Amanya Michael Eby ile bir araya geldi. G\u00f6r\u00fc\u015fmede, Suriye\u2019deki e\u011fitim durumu ile Bakanl\u0131k ve UNRWA aras\u0131ndaki i\u015f birli\u011finin geli\u015ftirilmesine y\u00f6nelik mekanizmalar ele al\u0131nd\u0131. \u015eam\u2019daki Bakanl\u0131k binas\u0131nda ger\u00e7ekle\u015fen g\u00f6r\u00fc\u015fmede, kurulu\u015fun e\u011fitim alan\u0131ndaki gelecekteki projeleri, &hellip;<\/p>\n","protected":false},"author":39,"featured_media":319657,"comment_status":"closed","ping_status":"closed","sticky":false,"template":"","format":"standard","meta":{"footnotes":""},"categories":[589,479,17988,478],"tags":[],"class_list":["post-319656","post","type-post","status-publish","format-standard","has-post-thumbnail","","category-haber-seridi","category-haberler-yerel","category-son-haberler","category-yerel"],"_links":{"self":[{"href":"https:\/\/archive.sana.sy\/tr\/index.php?rest_route=\/wp\/v2\/posts\/319656","targetHints":{"allow":["GET"]}}],"collection":[{"href":"https:\/\/archive.sana.sy\/tr\/index.php?rest_route=\/wp\/v2\/posts"}],"about":[{"href":"https:\/\/archive.sana.sy\/tr\/index.php?rest_route=\/wp\/v2\/types\/post"}],"author":[{"embeddable":true,"href":"https:\/\/archive.sana.sy\/tr\/index.php?rest_route=\/wp\/v2\/users\/39"}],"replies":[{"embeddable":true,"href":"https:\/\/archive.sana.sy\/tr\/index.php?rest_route=%2Fwp%2Fv2%2Fcomments&post=319656"}],"version-history":[{"count":1,"href":"https:\/\/archive.sana.sy\/tr\/index.php?rest_route=\/wp\/v2\/posts\/319656\/revisions"}],"predecessor-version":[{"id":319658,"href":"https:\/\/archive.sana.sy\/tr\/index.php?rest_route=\/wp\/v2\/posts\/319656\/revisions\/319658"}],"wp:featuredmedia":[{"embeddable":true,"href":"https:\/\/archive.sana.sy\/tr\/index.php?rest_route=\/wp\/v2\/media\/319657"}],"wp:attachment":[{"href":"https:\/\/archive.sana.sy\/tr\/index.php?rest_route=%2Fwp%2Fv2%2Fmedia&parent=319656"}],"wp:term":[{"taxonomy":"category","embeddable":true,"href":"https:\/\/archive.sana.sy\/tr\/index.php?rest_route=%2Fwp%2Fv2%2Fcategories&post=319656"},{"taxonomy":"post_tag","embeddable":true,"href":"https:\/\/archive.sana.sy\/tr\/index.php?rest_route=%2Fwp%2Fv2%2Ftags&post=319656"}],"curies":[{"name":"wp","href":"https:\/\/api.w.org\/{rel}","templated":true}]}}