{"id":319669,"date":"2025-04-24T12:26:49","date_gmt":"2025-04-24T09:26:49","guid":{"rendered":"https:\/\/sana.sy\/tr\/?p=319669"},"modified":"2025-04-24T19:06:34","modified_gmt":"2025-04-24T16:06:34","slug":"suriyede-sivil-calismalarin-duzenlenmesi-alaninda-is-birligini-artirmak-icin-suriye-turkiye-gorusmeleri-yapildi","status":"publish","type":"post","link":"https:\/\/archive.sana.sy\/tr\/?p=319669","title":{"rendered":"Suriye&#8217;de Sivil \u00c7al\u0131\u015fmalar\u0131n D\u00fczenlenmesi Alan\u0131nda \u0130\u015f Birli\u011fini Art\u0131rmak \u0130\u00e7in Suriye-T\u00fcrkiye G\u00f6r\u00fc\u015fmeleri Yap\u0131ld\u0131"},"content":{"rendered":"<p style=\"text-align: justify;\"><span style=\"color: #800000;\"><strong>\u015eAM (SANA) &#8211;<\/strong><\/span> Sosyal \u0130\u015fler ve \u00c7al\u0131\u015fma Bakan\u0131 Hind Kabavat, T\u00fcrkiye&#8217;nin Suriye Maslahatg\u00fczar\u0131 Burhan K\u00f6ro\u011flu ile Suriye&#8217;de kad\u0131n\u0131n korunmas\u0131 ve g\u00fc\u00e7lendirilmesi alanlar\u0131 ile sivil toplum \u00e7al\u0131\u015fmalar\u0131n\u0131n d\u00fczenlenmesi konusunda g\u00f6r\u00fc\u015fmelerde bulundu.<\/p>\n<p style=\"text-align: justify;\">Bakanl\u0131k binas\u0131nda bug\u00fcn ger\u00e7ekle\u015ftirilen g\u00f6r\u00fc\u015fmede, T\u00fcrkiye&#8217;nin insani yard\u0131m \u00e7al\u0131\u015fmalar\u0131ndaki deneyimi ve uzmanl\u0131k payla\u015f\u0131m\u0131 amac\u0131yla ortak \u00e7al\u0131\u015ftaylar d\u00fczenleme imk\u00e2n\u0131 ele al\u0131nd\u0131.<\/p>\n<p style=\"text-align: justify;\">Bakan Kabavat, Suriye ile T\u00fcrkiye aras\u0131ndaki tarihi ili\u015fkilerin derinli\u011fine ve iki halk aras\u0131ndaki g\u00fc\u00e7l\u00fc ba\u011flara i\u015faret etti.<\/p>\n<p style=\"text-align: justify;\">T\u00fcrkiye&#8217;nin Suriye Maslahatg\u00fczar\u0131 ise, Cumhurba\u015fkan\u0131 Recep Tayyip Erdo\u011fan&#8217;\u0131n talimatlar\u0131 do\u011frultusunda Suriye&#8217;deki ge\u00e7i\u015f s\u00fcrecine T\u00fcrkiye&#8217;nin destek verdi\u011fini vurgulad\u0131.<\/p>\n","protected":false},"excerpt":{"rendered":"<p>\u015eAM (SANA) &#8211; Sosyal \u0130\u015fler ve \u00c7al\u0131\u015fma Bakan\u0131 Hind Kabavat, T\u00fcrkiye&#8217;nin Suriye Maslahatg\u00fczar\u0131 Burhan K\u00f6ro\u011flu ile Suriye&#8217;de kad\u0131n\u0131n korunmas\u0131 ve g\u00fc\u00e7lendirilmesi alanlar\u0131 ile sivil toplum \u00e7al\u0131\u015fmalar\u0131n\u0131n d\u00fczenlenmesi konusunda g\u00f6r\u00fc\u015fmelerde bulundu. Bakanl\u0131k binas\u0131nda bug\u00fcn ger\u00e7ekle\u015ftirilen g\u00f6r\u00fc\u015fmede, T\u00fcrkiye&#8217;nin insani yard\u0131m \u00e7al\u0131\u015fmalar\u0131ndaki deneyimi ve uzmanl\u0131k payla\u015f\u0131m\u0131 amac\u0131yla ortak \u00e7al\u0131\u015ftaylar d\u00fczenleme imk\u00e2n\u0131 ele al\u0131nd\u0131. Bakan Kabavat, Suriye ile T\u00fcrkiye &hellip;<\/p>\n","protected":false},"author":44,"featured_media":319670,"comment_status":"closed","ping_status":"closed","sticky":false,"template":"","format":"standard","meta":{"footnotes":""},"categories":[589,479,17988,478],"tags":[43775],"class_list":["post-319669","post","type-post","status-publish","format-standard","has-post-thumbnail","","category-haber-seridi","category-haberler-yerel","category-son-haberler","category-yerel","tag-suriyede-sivil-calismalarin-duzenlenmesi-alaninda-is-birligini-artirmak-icin-suriye-turkiye-gorusmeleri-yapildi"],"_links":{"self":[{"href":"https:\/\/archive.sana.sy\/tr\/index.php?rest_route=\/wp\/v2\/posts\/319669","targetHints":{"allow":["GET"]}}],"collection":[{"href":"https:\/\/archive.sana.sy\/tr\/index.php?rest_route=\/wp\/v2\/posts"}],"about":[{"href":"https:\/\/archive.sana.sy\/tr\/index.php?rest_route=\/wp\/v2\/types\/post"}],"author":[{"embeddable":true,"href":"https:\/\/archive.sana.sy\/tr\/index.php?rest_route=\/wp\/v2\/users\/44"}],"replies":[{"embeddable":true,"href":"https:\/\/archive.sana.sy\/tr\/index.php?rest_route=%2Fwp%2Fv2%2Fcomments&post=319669"}],"version-history":[{"count":1,"href":"https:\/\/archive.sana.sy\/tr\/index.php?rest_route=\/wp\/v2\/posts\/319669\/revisions"}],"predecessor-version":[{"id":319671,"href":"https:\/\/archive.sana.sy\/tr\/index.php?rest_route=\/wp\/v2\/posts\/319669\/revisions\/319671"}],"wp:featuredmedia":[{"embeddable":true,"href":"https:\/\/archive.sana.sy\/tr\/index.php?rest_route=\/wp\/v2\/media\/319670"}],"wp:attachment":[{"href":"https:\/\/archive.sana.sy\/tr\/index.php?rest_route=%2Fwp%2Fv2%2Fmedia&parent=319669"}],"wp:term":[{"taxonomy":"category","embeddable":true,"href":"https:\/\/archive.sana.sy\/tr\/index.php?rest_route=%2Fwp%2Fv2%2Fcategories&post=319669"},{"taxonomy":"post_tag","embeddable":true,"href":"https:\/\/archive.sana.sy\/tr\/index.php?rest_route=%2Fwp%2Fv2%2Ftags&post=319669"}],"curies":[{"name":"wp","href":"https:\/\/api.w.org\/{rel}","templated":true}]}}