{"id":319672,"date":"2025-04-24T14:30:03","date_gmt":"2025-04-24T11:30:03","guid":{"rendered":"https:\/\/sana.sy\/tr\/?p=319672"},"modified":"2025-04-24T15:59:54","modified_gmt":"2025-04-24T12:59:54","slug":"egitim-bakani-unicef-temsilcisiyle-ortak-calismalarin-gelistirilmesi-konusunu-gorustu","status":"publish","type":"post","link":"https:\/\/archive.sana.sy\/tr\/?p=319672","title":{"rendered":"E\u011fitim Bakan\u0131, UNICEF Temsilcisiyle Ortak \u00c7al\u0131\u015fmalar\u0131n Geli\u015ftirilmesi Konusunu G\u00f6r\u00fc\u015ft\u00fc"},"content":{"rendered":"<p style=\"text-align: justify;\"><span style=\"color: #800000;\"><strong>\u015eAM (SANA) &#8211;<\/strong><\/span> E\u011fitim Bakan\u0131 Muhammed Abdulrahman Tarku, BM \u00c7ocuklara Yard\u0131m Fonu (UNICEF) Suriye Temsilcisi Yasumasa Kimura ile Bakanl\u0131k ile \u00f6rg\u00fct aras\u0131ndaki ili\u015fkilerin ve i\u015f birli\u011finin geli\u015ftirilmesi olanaklar\u0131n\u0131 g\u00f6r\u00fc\u015ft\u00fc.<\/p>\n<p style=\"text-align: justify;\">Bakan Tarku, h\u00fck\u00fcmetin t\u00fcm \u00e7ocuklar\u0131n e\u011fitim hakk\u0131n\u0131 g\u00fcvence alt\u0131na alma konusunda kararl\u0131 oldu\u011funu vurgulayarak, bundan sonraki a\u015famada e\u011fitim sekt\u00f6r\u00fcn\u00fcn \u00f6ncelikleri konusunda kurumla koordinasyonun \u00f6nemine dikkat \u00e7ekti.<\/p>\n<p style=\"text-align: justify;\">Kimura ise, y\u0131k\u0131lan b\u00f6lgelerdeki okullar\u0131n restore edilerek onar\u0131lmas\u0131n\u0131n ve b\u00f6ylece buralarda ya\u015fayanlar\u0131n geri d\u00f6nmesinin kolayla\u015ft\u0131r\u0131lmas\u0131n\u0131n, e\u011fitim s\u00fcrecinin desteklenmesinin \u00f6nemine dikkat \u00e7erken de, Bakanl\u0131\u011f\u0131n bu alanda yapt\u0131\u011f\u0131 \u00e7al\u0131\u015fmalar\u0131 vurgulad\u0131 ve \u00a0Suriye&#8217;de e\u011fitim sekt\u00f6r\u00fcn\u00fcn geli\u015fmesi i\u00e7in her t\u00fcrl\u00fc imk\u00e2n\u0131 sa\u011flamaya her zaman haz\u0131r olduklar\u0131n\u0131 kaydetti.<\/p>\n","protected":false},"excerpt":{"rendered":"<p>\u015eAM (SANA) &#8211; E\u011fitim Bakan\u0131 Muhammed Abdulrahman Tarku, BM \u00c7ocuklara Yard\u0131m Fonu (UNICEF) Suriye Temsilcisi Yasumasa Kimura ile Bakanl\u0131k ile \u00f6rg\u00fct aras\u0131ndaki ili\u015fkilerin ve i\u015f birli\u011finin geli\u015ftirilmesi olanaklar\u0131n\u0131 g\u00f6r\u00fc\u015ft\u00fc. Bakan Tarku, h\u00fck\u00fcmetin t\u00fcm \u00e7ocuklar\u0131n e\u011fitim hakk\u0131n\u0131 g\u00fcvence alt\u0131na alma konusunda kararl\u0131 oldu\u011funu vurgulayarak, bundan sonraki a\u015famada e\u011fitim sekt\u00f6r\u00fcn\u00fcn \u00f6ncelikleri konusunda kurumla koordinasyonun \u00f6nemine dikkat \u00e7ekti. &hellip;<\/p>\n","protected":false},"author":44,"featured_media":319673,"comment_status":"closed","ping_status":"closed","sticky":false,"template":"","format":"standard","meta":{"footnotes":""},"categories":[589,479,17988,478],"tags":[4119,43776],"class_list":["post-319672","post","type-post","status-publish","format-standard","has-post-thumbnail","","category-haber-seridi","category-haberler-yerel","category-son-haberler","category-yerel","tag-egitim-bakani","tag-unicef-temsilcisiyle-ortak-calismalarin-gelistirilmesi-konusunu-gorustu"],"_links":{"self":[{"href":"https:\/\/archive.sana.sy\/tr\/index.php?rest_route=\/wp\/v2\/posts\/319672","targetHints":{"allow":["GET"]}}],"collection":[{"href":"https:\/\/archive.sana.sy\/tr\/index.php?rest_route=\/wp\/v2\/posts"}],"about":[{"href":"https:\/\/archive.sana.sy\/tr\/index.php?rest_route=\/wp\/v2\/types\/post"}],"author":[{"embeddable":true,"href":"https:\/\/archive.sana.sy\/tr\/index.php?rest_route=\/wp\/v2\/users\/44"}],"replies":[{"embeddable":true,"href":"https:\/\/archive.sana.sy\/tr\/index.php?rest_route=%2Fwp%2Fv2%2Fcomments&post=319672"}],"version-history":[{"count":1,"href":"https:\/\/archive.sana.sy\/tr\/index.php?rest_route=\/wp\/v2\/posts\/319672\/revisions"}],"predecessor-version":[{"id":319674,"href":"https:\/\/archive.sana.sy\/tr\/index.php?rest_route=\/wp\/v2\/posts\/319672\/revisions\/319674"}],"wp:featuredmedia":[{"embeddable":true,"href":"https:\/\/archive.sana.sy\/tr\/index.php?rest_route=\/wp\/v2\/media\/319673"}],"wp:attachment":[{"href":"https:\/\/archive.sana.sy\/tr\/index.php?rest_route=%2Fwp%2Fv2%2Fmedia&parent=319672"}],"wp:term":[{"taxonomy":"category","embeddable":true,"href":"https:\/\/archive.sana.sy\/tr\/index.php?rest_route=%2Fwp%2Fv2%2Fcategories&post=319672"},{"taxonomy":"post_tag","embeddable":true,"href":"https:\/\/archive.sana.sy\/tr\/index.php?rest_route=%2Fwp%2Fv2%2Ftags&post=319672"}],"curies":[{"name":"wp","href":"https:\/\/api.w.org\/{rel}","templated":true}]}}