{"id":319678,"date":"2025-04-24T16:50:48","date_gmt":"2025-04-24T13:50:48","guid":{"rendered":"https:\/\/sana.sy\/tr\/?p=319678"},"modified":"2025-04-24T19:01:35","modified_gmt":"2025-04-24T16:01:35","slug":"iki-ulke-arasindaki-turizm-is-birligini-artirmak-icin-suriye-turkiye-gorusmeleri-duzenlendi","status":"publish","type":"post","link":"https:\/\/archive.sana.sy\/tr\/?p=319678","title":{"rendered":"\u0130ki \u00dclke Aras\u0131ndaki Turizm \u0130\u015f Birli\u011fini Art\u0131rmak \u0130\u00e7in Suriye-T\u00fcrkiye G\u00f6r\u00fc\u015fmeleri D\u00fczenlendi"},"content":{"rendered":"<p style=\"text-align: justify;\"><strong><span style=\"color: #800000;\">\u015eAM (SANA)<\/span> &#8211;<\/strong> Turizm Bakan\u0131 Mazen El Salhani, T\u00fcrkiye&#8217;nin Suriye Maslahatg\u00fczar\u0131 Burhan K\u00f6ro\u011flu ile iki \u00fclke aras\u0131ndaki turizm i\u015f birli\u011finin geli\u015ftirilmesi yollar\u0131n\u0131 g\u00f6r\u00fc\u015ft\u00fc.<\/p>\n<p style=\"text-align: justify;\"><img loading=\"lazy\" decoding=\"async\" class=\"size-full wp-image-319680 alignright\" src=\"http:\/\/sana.sy\/tr\/wp-content\/uploads\/2025\/04\/photo_2025-04-24_15-59-39-2-300x195-1.jpg\" alt=\"\" width=\"300\" height=\"195\" \/>Bug\u00fcn Bakanl\u0131k binas\u0131nda ger\u00e7ekle\u015fen g\u00f6r\u00fc\u015fmede, iki \u00fclke aras\u0131nda ortak \u00e7al\u0131\u015fmalar\u0131n etkinle\u015ftirilmesi ve Suriye&#8217;ye y\u00f6nelik T\u00fcrk turizminin art\u0131r\u0131lmas\u0131 yollar\u0131 ele al\u0131rkan, ili\u015fkileri g\u00fc\u00e7lendirmek ve canland\u0131rmak amac\u0131yla \u00e7e\u015fitli illerde turizm tesislerine ili\u015fkin yeni anla\u015fmalar imzaland\u0131.<\/p>\n<p style=\"text-align: justify;\">Bakan El Salhani, SANA muhabirine yapt\u0131\u011f\u0131 a\u00e7\u0131klamada, S\u00fcleymaniye K\u00fclliyeai\u2019nin yeniden faaliyete ge\u00e7irilmesi gerekti\u011fini ve tekkenin dini ve tarihi y\u00f6nlerine odaklan\u0131lmas\u0131 gerekti\u011fini vurgulayarak, buran\u0131n arkeolojik turizm alan\u0131 olarak kullan\u0131labilece\u011fine i\u015faret etti.<\/p>\n<p style=\"text-align: justify;\">El Salhani ayr\u0131ca, S\u00fcleymaniye K\u00fcllyesi\u2019nin, haz\u0131r olma durumuna g\u00f6re iki a\u015famada a\u00e7\u0131l\u0131\u015f\u0131n\u0131n duyurulmas\u0131 ve Suriye&#8217;de turizm sekt\u00f6r\u00fcn\u00fc canland\u0131rmak amac\u0131yla \u00e7ok say\u0131da tatil k\u00f6y\u00fc ve otelin restore edilmesi i\u00e7in \u00f6n\u00fcm\u00fczdeki d\u00f6nemde \u00e7e\u015fitli \u00e7al\u0131\u015ftaylar d\u00fczenlenece\u011fini kaydetti.<\/p>\n<p style=\"text-align: justify;\">Benzer bir a\u00e7\u0131klamada, T\u00fcrkiye&#8217;nin Suriye Maslahatg\u00fczar\u0131, Suriye&#8217;deki turizm sekt\u00f6r\u00fcne destek olmaya haz\u0131r olduklar\u0131n\u0131 dile getiryerek, Turistik alanlar\u0131n restore edilmesi i\u00e7in gerekli t\u00fcm tesis ve ekipmanlar\u0131n sa\u011flanmas\u0131, T\u00fcrkiye K\u00fclt\u00fcr ve Turizm Bakan\u0131&#8217;n\u0131n Suriye&#8217;ye turizm konusunda g\u00f6r\u00fc\u015fmek \u00fczere gelme iste\u011fine dikkat \u00e7ekti.<\/p>\n","protected":false},"excerpt":{"rendered":"<p>\u015eAM (SANA) &#8211; Turizm Bakan\u0131 Mazen El Salhani, T\u00fcrkiye&#8217;nin Suriye Maslahatg\u00fczar\u0131 Burhan K\u00f6ro\u011flu ile iki \u00fclke aras\u0131ndaki turizm i\u015f birli\u011finin geli\u015ftirilmesi yollar\u0131n\u0131 g\u00f6r\u00fc\u015ft\u00fc. Bug\u00fcn Bakanl\u0131k binas\u0131nda ger\u00e7ekle\u015fen g\u00f6r\u00fc\u015fmede, iki \u00fclke aras\u0131nda ortak \u00e7al\u0131\u015fmalar\u0131n etkinle\u015ftirilmesi ve Suriye&#8217;ye y\u00f6nelik T\u00fcrk turizminin art\u0131r\u0131lmas\u0131 yollar\u0131 ele al\u0131rkan, ili\u015fkileri g\u00fc\u00e7lendirmek ve canland\u0131rmak amac\u0131yla \u00e7e\u015fitli illerde turizm tesislerine ili\u015fkin yeni anla\u015fmalar &hellip;<\/p>\n","protected":false},"author":44,"featured_media":319679,"comment_status":"closed","ping_status":"closed","sticky":false,"template":"","format":"standard","meta":{"footnotes":""},"categories":[589,17988,2554,2555,2553],"tags":[],"class_list":["post-319678","post","type-post","status-publish","format-standard","has-post-thumbnail","","category-haber-seridi","category-son-haberler","category-suriye-ve-dunya","category-suriye-ve-turkiye","category-turizm"],"_links":{"self":[{"href":"https:\/\/archive.sana.sy\/tr\/index.php?rest_route=\/wp\/v2\/posts\/319678","targetHints":{"allow":["GET"]}}],"collection":[{"href":"https:\/\/archive.sana.sy\/tr\/index.php?rest_route=\/wp\/v2\/posts"}],"about":[{"href":"https:\/\/archive.sana.sy\/tr\/index.php?rest_route=\/wp\/v2\/types\/post"}],"author":[{"embeddable":true,"href":"https:\/\/archive.sana.sy\/tr\/index.php?rest_route=\/wp\/v2\/users\/44"}],"replies":[{"embeddable":true,"href":"https:\/\/archive.sana.sy\/tr\/index.php?rest_route=%2Fwp%2Fv2%2Fcomments&post=319678"}],"version-history":[{"count":2,"href":"https:\/\/archive.sana.sy\/tr\/index.php?rest_route=\/wp\/v2\/posts\/319678\/revisions"}],"predecessor-version":[{"id":319685,"href":"https:\/\/archive.sana.sy\/tr\/index.php?rest_route=\/wp\/v2\/posts\/319678\/revisions\/319685"}],"wp:featuredmedia":[{"embeddable":true,"href":"https:\/\/archive.sana.sy\/tr\/index.php?rest_route=\/wp\/v2\/media\/319679"}],"wp:attachment":[{"href":"https:\/\/archive.sana.sy\/tr\/index.php?rest_route=%2Fwp%2Fv2%2Fmedia&parent=319678"}],"wp:term":[{"taxonomy":"category","embeddable":true,"href":"https:\/\/archive.sana.sy\/tr\/index.php?rest_route=%2Fwp%2Fv2%2Fcategories&post=319678"},{"taxonomy":"post_tag","embeddable":true,"href":"https:\/\/archive.sana.sy\/tr\/index.php?rest_route=%2Fwp%2Fv2%2Ftags&post=319678"}],"curies":[{"name":"wp","href":"https:\/\/api.w.org\/{rel}","templated":true}]}}