{"id":319682,"date":"2025-04-24T14:57:18","date_gmt":"2025-04-24T11:57:18","guid":{"rendered":"https:\/\/sana.sy\/tr\/?p=319682"},"modified":"2025-04-24T18:57:49","modified_gmt":"2025-04-24T15:57:49","slug":"yuksekogretim-alaninda-is-birligini-etkinlestirmek-amaciyla-suriye-suudi-arabistan-gorusmeleri-gerceklesti","status":"publish","type":"post","link":"https:\/\/archive.sana.sy\/tr\/?p=319682","title":{"rendered":"Y\u00fcksek\u00f6\u011fretim Alan\u0131nda \u0130\u015f Birli\u011fini Etkinle\u015ftirmek Amac\u0131yla Suriye-Suudi Arabistan G\u00f6r\u00fc\u015fmeleri Ger\u00e7ekle\u015fti"},"content":{"rendered":"<p style=\"text-align: justify;\"><span style=\"color: #800000;\"><strong>\u015eAM (SANA)<\/strong><\/span> &#8211; Y\u00fcksek\u00f6\u011fretim ve Bilimsel Ara\u015ft\u0131rma Bakan\u0131 Dr. Mervan El Halabi, Suudi Arabistan&#8217;\u0131n \u015eam B\u00fcy\u00fckel\u00e7isi Dr. Faysal El Mecfal ile Suriye ve Suudi Arabistan aras\u0131nda y\u00fcksek\u00f6\u011fretim ve bilimsel ara\u015ft\u0131rma alan\u0131nda i\u015fbirli\u011fi imk\u00e2nlar\u0131n\u0131 g\u00f6r\u00fc\u015ft\u00fc.<\/p>\n<p style=\"text-align: justify;\">Bug\u00fcn Bakanl\u0131k binas\u0131nda ger\u00e7ekle\u015ftirilen toplant\u0131da, y\u00fcksek\u00f6\u011fretim sekt\u00f6r\u00fcn\u00fcn kar\u015f\u0131 kar\u015f\u0131ya oldu\u011fu zorluklar\u0131n yan\u0131 s\u0131ra \u00fcniversite karde\u015fli\u011fi alan\u0131nda i\u015fbirli\u011fi olanaklar\u0131, \u00fcniversitelere y\u00f6nelik \u00f6z destek programlar\u0131 ve belirli uzmanl\u0131k alanlar\u0131nda \u00fcst\u00fcn \u00f6\u011frenci \u00e7ekme konular\u0131 ele al\u0131nd\u0131.<\/p>\n<p style=\"text-align: justify;\">Dr. El Halebi, Suriye \u00fcniversiteleri b\u00fcnyesinde y\u00fcksek\u00f6\u011frenim alan\u0131ndaki yat\u0131r\u0131m sisteminin g\u00fc\u00e7lendirilmesi, bilimsel ara\u015ft\u0131rma ile y\u00fcksek lisans ve doktora \u00e7al\u0131\u015fmalar\u0131n\u0131n Suriye toplumunun ihtiya\u00e7lar\u0131yla ili\u015fkilendirilmesi ve Suudi \u00fcniversitelerinin deneyimlerinden yararlan\u0131lmas\u0131 gerekti\u011fini vurgulad\u0131.<\/p>\n<p style=\"text-align: justify;\">Suudi Arabistan B\u00fcy\u00fckel\u00e7isi ise, mevcut anla\u015fmalar\u0131n etkinle\u015ftirilmesi, i\u015f birliklerinin olu\u015fturulmas\u0131 ve g\u00fcncel e\u011filim ve ihtiya\u00e7lara hizmet eden yeni anla\u015fmalar\u0131n yap\u0131lmas\u0131, \u00f6\u011fretim g\u00f6revlileri i\u00e7in \u00f6\u011frenci ve akademisyen de\u011fi\u015fimlerinin etkinle\u015ftirilmesi, Suudi deneyiminden yararlan\u0131lmas\u0131 ve uzmanl\u0131k al\u0131\u015fveri\u015finde bulunulmas\u0131 olas\u0131l\u0131\u011f\u0131na i\u015faret etti.<\/p>\n<p style=\"text-align: justify;\">\n","protected":false},"excerpt":{"rendered":"<p>\u015eAM (SANA) &#8211; Y\u00fcksek\u00f6\u011fretim ve Bilimsel Ara\u015ft\u0131rma Bakan\u0131 Dr. Mervan El Halabi, Suudi Arabistan&#8217;\u0131n \u015eam B\u00fcy\u00fckel\u00e7isi Dr. Faysal El Mecfal ile Suriye ve Suudi Arabistan aras\u0131nda y\u00fcksek\u00f6\u011fretim ve bilimsel ara\u015ft\u0131rma alan\u0131nda i\u015fbirli\u011fi imk\u00e2nlar\u0131n\u0131 g\u00f6r\u00fc\u015ft\u00fc. Bug\u00fcn Bakanl\u0131k binas\u0131nda ger\u00e7ekle\u015ftirilen toplant\u0131da, y\u00fcksek\u00f6\u011fretim sekt\u00f6r\u00fcn\u00fcn kar\u015f\u0131 kar\u015f\u0131ya oldu\u011fu zorluklar\u0131n yan\u0131 s\u0131ra \u00fcniversite karde\u015fli\u011fi alan\u0131nda i\u015fbirli\u011fi olanaklar\u0131, \u00fcniversitelere y\u00f6nelik \u00f6z &hellip;<\/p>\n","protected":false},"author":44,"featured_media":319683,"comment_status":"closed","ping_status":"closed","sticky":false,"template":"","format":"standard","meta":{"footnotes":""},"categories":[589,479,17988,478],"tags":[43779],"class_list":["post-319682","post","type-post","status-publish","format-standard","has-post-thumbnail","","category-haber-seridi","category-haberler-yerel","category-son-haberler","category-yerel","tag-yuksekogretim-alaninda-is-birligini-etkinlestirmek-amaciyla-suriye-suudi-arabistan-gorusmeleri-gerceklesti"],"_links":{"self":[{"href":"https:\/\/archive.sana.sy\/tr\/index.php?rest_route=\/wp\/v2\/posts\/319682","targetHints":{"allow":["GET"]}}],"collection":[{"href":"https:\/\/archive.sana.sy\/tr\/index.php?rest_route=\/wp\/v2\/posts"}],"about":[{"href":"https:\/\/archive.sana.sy\/tr\/index.php?rest_route=\/wp\/v2\/types\/post"}],"author":[{"embeddable":true,"href":"https:\/\/archive.sana.sy\/tr\/index.php?rest_route=\/wp\/v2\/users\/44"}],"replies":[{"embeddable":true,"href":"https:\/\/archive.sana.sy\/tr\/index.php?rest_route=%2Fwp%2Fv2%2Fcomments&post=319682"}],"version-history":[{"count":1,"href":"https:\/\/archive.sana.sy\/tr\/index.php?rest_route=\/wp\/v2\/posts\/319682\/revisions"}],"predecessor-version":[{"id":319684,"href":"https:\/\/archive.sana.sy\/tr\/index.php?rest_route=\/wp\/v2\/posts\/319682\/revisions\/319684"}],"wp:featuredmedia":[{"embeddable":true,"href":"https:\/\/archive.sana.sy\/tr\/index.php?rest_route=\/wp\/v2\/media\/319683"}],"wp:attachment":[{"href":"https:\/\/archive.sana.sy\/tr\/index.php?rest_route=%2Fwp%2Fv2%2Fmedia&parent=319682"}],"wp:term":[{"taxonomy":"category","embeddable":true,"href":"https:\/\/archive.sana.sy\/tr\/index.php?rest_route=%2Fwp%2Fv2%2Fcategories&post=319682"},{"taxonomy":"post_tag","embeddable":true,"href":"https:\/\/archive.sana.sy\/tr\/index.php?rest_route=%2Fwp%2Fv2%2Ftags&post=319682"}],"curies":[{"name":"wp","href":"https:\/\/api.w.org\/{rel}","templated":true}]}}