{"id":319690,"date":"2025-04-25T08:00:56","date_gmt":"2025-04-25T05:00:56","guid":{"rendered":"https:\/\/sana.sy\/tr\/?p=319690"},"modified":"2025-04-26T17:33:13","modified_gmt":"2025-04-26T14:33:13","slug":"cumhurbaskani-el-sara-valilerle-yaptigi-toplantida-kamu-hizmetlerinin-durumu-ve-yerel-kalkinma-planlarini-ele-aldi","status":"publish","type":"post","link":"https:\/\/archive.sana.sy\/tr\/?p=319690","title":{"rendered":"Cumhurba\u015fkan\u0131 El \u015eara, Valilerle Yapt\u0131\u011f\u0131 Toplant\u0131da Kamu Hizmetlerinin Durumu Ve Yerel Kalk\u0131nma Planlar\u0131n\u0131 Ele Ald\u0131"},"content":{"rendered":"<p style=\"text-align: justify;\"><span style=\"color: #800000;\"><strong>\u015eAM (SANA)<\/strong> &#8211;<\/span> Suriye Arap Cumhuriyeti Cumhurba\u015fkan\u0131 Ahmed El \u015eara, Suriye Arap Cumhuriyeti&#8217;nin \u00e7e\u015fitli b\u00f6lgelerindeki kamu hizmetlerinin durumu ve yerel kalk\u0131nma planlar\u0131 konusunda g\u00f6r\u00fc\u015f al\u0131\u015fveri\u015finde bulunmak \u00fczere valilerle bir araya geldi.<\/p>\n<p style=\"text-align: justify;\">Toplant\u0131da, vatanda\u015flar\u0131n ihtiya\u00e7lar\u0131n\u0131n dinlenmesi ve hizmet kalitesinin art\u0131r\u0131lmas\u0131 i\u00e7in \u00e7al\u0131\u015fmalar\u0131n yap\u0131lmas\u0131n\u0131n \u00f6nemi vurgulan\u0131rken, merkezi ve yerel y\u00f6netimler aras\u0131ndaki koordinasyon mekanizmalar\u0131n\u0131n g\u00f6r\u00fc\u015f\u00fclmesi ve engellerin a\u015f\u0131lmas\u0131 i\u00e7in yenilik\u00e7i \u00e7\u00f6z\u00fcmler \u00fcretilmesi gerekti\u011fi belirtildi.<\/p>\n<p style=\"text-align: justify;\">Toplant\u0131da ayr\u0131ca, illerdeki en \u00f6nemli zorluklar ele al\u0131nd\u0131 ve idari performans\u0131n geli\u015ftirilmesi ve hizmetlerin iyile\u015ftirilmesine y\u00f6nelik \u00f6neriler sunuldu.<\/p>\n<div id='gallery-1' class='gallery galleryid-319690 gallery-columns-1 gallery-size-full'><figure class='gallery-item'>\n\t\t\t<div class='gallery-icon landscape'>\n\t\t\t\t<a href='https:\/\/archive.sana.sy\/tr\/?attachment_id=319692'><img loading=\"lazy\" decoding=\"async\" width=\"2560\" height=\"1438\" src=\"https:\/\/archive.sana.sy\/tr\/wp-content\/uploads\/2025\/04\/photo_2_2025-04-24_19-43-54.jpg\" class=\"attachment-full size-full\" alt=\"\" srcset=\"https:\/\/archive.sana.sy\/tr\/wp-content\/uploads\/2025\/04\/photo_2_2025-04-24_19-43-54.jpg 2560w, https:\/\/archive.sana.sy\/tr\/wp-content\/uploads\/2025\/04\/photo_2_2025-04-24_19-43-54-300x169.jpg 300w, https:\/\/archive.sana.sy\/tr\/wp-content\/uploads\/2025\/04\/photo_2_2025-04-24_19-43-54-1024x575.jpg 1024w, https:\/\/archive.sana.sy\/tr\/wp-content\/uploads\/2025\/04\/photo_2_2025-04-24_19-43-54-768x431.jpg 768w, https:\/\/archive.sana.sy\/tr\/wp-content\/uploads\/2025\/04\/photo_2_2025-04-24_19-43-54-1536x863.jpg 1536w, https:\/\/archive.sana.sy\/tr\/wp-content\/uploads\/2025\/04\/photo_2_2025-04-24_19-43-54-2048x1150.jpg 2048w\" sizes=\"auto, (max-width: 2560px) 100vw, 2560px\" \/><\/a>\n\t\t\t<\/div><\/figure><figure class='gallery-item'>\n\t\t\t<div class='gallery-icon landscape'>\n\t\t\t\t<a href='https:\/\/archive.sana.sy\/tr\/?attachment_id=319693'><img loading=\"lazy\" decoding=\"async\" width=\"2560\" height=\"1438\" src=\"https:\/\/archive.sana.sy\/tr\/wp-content\/uploads\/2025\/04\/photo_1_2025-04-24_19-43-54.jpg\" class=\"attachment-full size-full\" alt=\"\" srcset=\"https:\/\/archive.sana.sy\/tr\/wp-content\/uploads\/2025\/04\/photo_1_2025-04-24_19-43-54.jpg 2560w, https:\/\/archive.sana.sy\/tr\/wp-content\/uploads\/2025\/04\/photo_1_2025-04-24_19-43-54-300x169.jpg 300w, https:\/\/archive.sana.sy\/tr\/wp-content\/uploads\/2025\/04\/photo_1_2025-04-24_19-43-54-1024x575.jpg 1024w, https:\/\/archive.sana.sy\/tr\/wp-content\/uploads\/2025\/04\/photo_1_2025-04-24_19-43-54-768x431.jpg 768w, https:\/\/archive.sana.sy\/tr\/wp-content\/uploads\/2025\/04\/photo_1_2025-04-24_19-43-54-1536x863.jpg 1536w, https:\/\/archive.sana.sy\/tr\/wp-content\/uploads\/2025\/04\/photo_1_2025-04-24_19-43-54-2048x1150.jpg 2048w\" sizes=\"auto, (max-width: 2560px) 100vw, 2560px\" \/><\/a>\n\t\t\t<\/div><\/figure><figure class='gallery-item'>\n\t\t\t<div class='gallery-icon landscape'>\n\t\t\t\t<a href='https:\/\/archive.sana.sy\/tr\/?attachment_id=319694'><img loading=\"lazy\" decoding=\"async\" width=\"2560\" height=\"1437\" src=\"https:\/\/archive.sana.sy\/tr\/wp-content\/uploads\/2025\/04\/photo_3_2025-04-24_19-43-54.jpg\" class=\"attachment-full size-full\" alt=\"\" srcset=\"https:\/\/archive.sana.sy\/tr\/wp-content\/uploads\/2025\/04\/photo_3_2025-04-24_19-43-54.jpg 2560w, https:\/\/archive.sana.sy\/tr\/wp-content\/uploads\/2025\/04\/photo_3_2025-04-24_19-43-54-300x168.jpg 300w, https:\/\/archive.sana.sy\/tr\/wp-content\/uploads\/2025\/04\/photo_3_2025-04-24_19-43-54-1024x575.jpg 1024w, https:\/\/archive.sana.sy\/tr\/wp-content\/uploads\/2025\/04\/photo_3_2025-04-24_19-43-54-768x431.jpg 768w, https:\/\/archive.sana.sy\/tr\/wp-content\/uploads\/2025\/04\/photo_3_2025-04-24_19-43-54-1536x862.jpg 1536w, https:\/\/archive.sana.sy\/tr\/wp-content\/uploads\/2025\/04\/photo_3_2025-04-24_19-43-54-2048x1150.jpg 2048w\" sizes=\"auto, (max-width: 2560px) 100vw, 2560px\" \/><\/a>\n\t\t\t<\/div><\/figure>\n\t\t<\/div>\n\n","protected":false},"excerpt":{"rendered":"<p>\u015eAM (SANA) &#8211; Suriye Arap Cumhuriyeti Cumhurba\u015fkan\u0131 Ahmed El \u015eara, Suriye Arap Cumhuriyeti&#8217;nin \u00e7e\u015fitli b\u00f6lgelerindeki kamu hizmetlerinin durumu ve yerel kalk\u0131nma planlar\u0131 konusunda g\u00f6r\u00fc\u015f al\u0131\u015fveri\u015finde bulunmak \u00fczere valilerle bir araya geldi. Toplant\u0131da, vatanda\u015flar\u0131n ihtiya\u00e7lar\u0131n\u0131n dinlenmesi ve hizmet kalitesinin art\u0131r\u0131lmas\u0131 i\u00e7in \u00e7al\u0131\u015fmalar\u0131n yap\u0131lmas\u0131n\u0131n \u00f6nemi vurgulan\u0131rken, merkezi ve yerel y\u00f6netimler aras\u0131ndaki koordinasyon mekanizmalar\u0131n\u0131n g\u00f6r\u00fc\u015f\u00fclmesi ve engellerin a\u015f\u0131lmas\u0131 &hellip;<\/p>\n","protected":false},"author":44,"featured_media":319691,"comment_status":"closed","ping_status":"closed","sticky":false,"template":"","format":"standard","meta":{"footnotes":""},"categories":[589,609,605,17988],"tags":[43266,43780],"class_list":["post-319690","post","type-post","status-publish","format-standard","has-post-thumbnail","","category-haber-seridi","category-konusmalar","category-sayin-cumhurbaskani","category-son-haberler","tag-cumhurbaskani-el-sara","tag-valilerle-yaptigi-toplantida-kamu-hizmetlerinin-durumu-ve-yerel-kalkinma-planlarini-ele-aldi"],"_links":{"self":[{"href":"https:\/\/archive.sana.sy\/tr\/index.php?rest_route=\/wp\/v2\/posts\/319690","targetHints":{"allow":["GET"]}}],"collection":[{"href":"https:\/\/archive.sana.sy\/tr\/index.php?rest_route=\/wp\/v2\/posts"}],"about":[{"href":"https:\/\/archive.sana.sy\/tr\/index.php?rest_route=\/wp\/v2\/types\/post"}],"author":[{"embeddable":true,"href":"https:\/\/archive.sana.sy\/tr\/index.php?rest_route=\/wp\/v2\/users\/44"}],"replies":[{"embeddable":true,"href":"https:\/\/archive.sana.sy\/tr\/index.php?rest_route=%2Fwp%2Fv2%2Fcomments&post=319690"}],"version-history":[{"count":1,"href":"https:\/\/archive.sana.sy\/tr\/index.php?rest_route=\/wp\/v2\/posts\/319690\/revisions"}],"predecessor-version":[{"id":319695,"href":"https:\/\/archive.sana.sy\/tr\/index.php?rest_route=\/wp\/v2\/posts\/319690\/revisions\/319695"}],"wp:featuredmedia":[{"embeddable":true,"href":"https:\/\/archive.sana.sy\/tr\/index.php?rest_route=\/wp\/v2\/media\/319691"}],"wp:attachment":[{"href":"https:\/\/archive.sana.sy\/tr\/index.php?rest_route=%2Fwp%2Fv2%2Fmedia&parent=319690"}],"wp:term":[{"taxonomy":"category","embeddable":true,"href":"https:\/\/archive.sana.sy\/tr\/index.php?rest_route=%2Fwp%2Fv2%2Fcategories&post=319690"},{"taxonomy":"post_tag","embeddable":true,"href":"https:\/\/archive.sana.sy\/tr\/index.php?rest_route=%2Fwp%2Fv2%2Ftags&post=319690"}],"curies":[{"name":"wp","href":"https:\/\/api.w.org\/{rel}","templated":true}]}}