{"id":319696,"date":"2025-04-25T08:30:20","date_gmt":"2025-04-25T05:30:20","guid":{"rendered":"https:\/\/sana.sy\/tr\/?p=319696"},"modified":"2025-04-25T10:19:12","modified_gmt":"2025-04-25T07:19:12","slug":"ingiltere-savunma-ve-icisleri-bakanliklari-da-dahil-olmak-uzere-12-suriye-kurulusuna-yonelik-yaptirimlari-kaldirdi","status":"publish","type":"post","link":"https:\/\/archive.sana.sy\/tr\/?p=319696","title":{"rendered":"\u0130ngiltere, Savunma Ve \u0130\u00e7i\u015fleri Bakanl\u0131klar\u0131 Da Dahil Olmak \u00dczere 12 Suriye Kurulu\u015funa Y\u00f6nelik Yapt\u0131r\u0131mlar\u0131 Kald\u0131rd\u0131"},"content":{"rendered":"<p style=\"text-align: justify;\"><span style=\"color: #800000;\"><strong>\u015eAM (SANA)<\/strong> &#8211;<\/span> \u0130ngiltere bug\u00fcn, Savunma ve \u0130\u00e7i\u015fleri Bakanl\u0131klar\u0131 ile baz\u0131 Suriye medya kurulu\u015flar\u0131n\u0131n da aralar\u0131nda bulundu\u011fu 12 Suriye kurulu\u015funa y\u00f6nelik yapt\u0131r\u0131mlar\u0131n kald\u0131r\u0131ld\u0131\u011f\u0131n\u0131 duyurdu.<\/p>\n<p style=\"text-align: justify;\">\u0130ngiltere Hazine Bakanl\u0131\u011f\u0131, bug\u00fcn h\u00fck\u00fcmetin internet sitesinde yay\u0131mlanan a\u00e7\u0131klamas\u0131nda, &#8221;Sivil halka y\u00f6nelik bask\u0131lara kar\u0131\u015fan veya Suriye rejimini destekleyen veya rejimden \u00e7\u0131kar sa\u011flayan ki\u015fi ve kurulu\u015flar\u0131n mal varl\u0131klar\u0131n\u0131n ve ekonomik kaynaklar\u0131n\u0131n dondurulmas\u0131n\u0131 i\u00e7eren daha \u00f6nce haz\u0131rlanan yapt\u0131r\u0131m listesinde art\u0131k 12 Suriye kurulu\u015fu yer alm\u0131yor&#8221; ifadelerini s\u00f6zlerine ekledi.<\/p>\n<p style=\"text-align: justify;\">\u0130ngiliz a\u00e7\u0131klamas\u0131na g\u00f6re, art\u0131k varl\u0131k dondurma uygulamas\u0131na tabi olmayan kurulu\u015flar aras\u0131nda \u0130\u00e7i\u015fleri Bakanl\u0131\u011f\u0131, Savunma Bakanl\u0131\u011f\u0131, Genel \u0130stihbarat M\u00fcd\u00fcrl\u00fc\u011f\u00fc, Hava Kuvvetleri \u0130stihbarat Servisi, Siyasi G\u00fcvenlik M\u00fcd\u00fcrl\u00fc\u011f\u00fc, Suriye Ulusal G\u00fcvenlik B\u00fcrosu, Askeri \u0130stihbarat M\u00fcd\u00fcrl\u00fc\u011f\u00fc, Ordu Tedarik Ofisi, Radyo ve Televizyon Genel M\u00fcd\u00fcrl\u00fc\u011f\u00fc, El-Vatan gazetesi, Sham Press TV ve Sama TV yer al\u0131yor.<\/p>\n","protected":false},"excerpt":{"rendered":"<p>\u015eAM (SANA) &#8211; \u0130ngiltere bug\u00fcn, Savunma ve \u0130\u00e7i\u015fleri Bakanl\u0131klar\u0131 ile baz\u0131 Suriye medya kurulu\u015flar\u0131n\u0131n da aralar\u0131nda bulundu\u011fu 12 Suriye kurulu\u015funa y\u00f6nelik yapt\u0131r\u0131mlar\u0131n kald\u0131r\u0131ld\u0131\u011f\u0131n\u0131 duyurdu. \u0130ngiltere Hazine Bakanl\u0131\u011f\u0131, bug\u00fcn h\u00fck\u00fcmetin internet sitesinde yay\u0131mlanan a\u00e7\u0131klamas\u0131nda, &#8221;Sivil halka y\u00f6nelik bask\u0131lara kar\u0131\u015fan veya Suriye rejimini destekleyen veya rejimden \u00e7\u0131kar sa\u011flayan ki\u015fi ve kurulu\u015flar\u0131n mal varl\u0131klar\u0131n\u0131n ve ekonomik kaynaklar\u0131n\u0131n dondurulmas\u0131n\u0131 &hellip;<\/p>\n","protected":false},"author":44,"featured_media":319697,"comment_status":"closed","ping_status":"closed","sticky":false,"template":"","format":"standard","meta":{"footnotes":""},"categories":[458,589,459,17988],"tags":[25610,43781],"class_list":["post-319696","post","type-post","status-publish","format-standard","has-post-thumbnail","","category-dunya1","category-haber-seridi","category-haberler-arap-uluslararasi-politika","category-son-haberler","tag-ingiltere","tag-savunma-ve-icisleri-bakanliklari-da-dahil-olmak-uzere-12-suriye-kurulusuna-yonelik-yaptirimlari-kaldirdi"],"_links":{"self":[{"href":"https:\/\/archive.sana.sy\/tr\/index.php?rest_route=\/wp\/v2\/posts\/319696","targetHints":{"allow":["GET"]}}],"collection":[{"href":"https:\/\/archive.sana.sy\/tr\/index.php?rest_route=\/wp\/v2\/posts"}],"about":[{"href":"https:\/\/archive.sana.sy\/tr\/index.php?rest_route=\/wp\/v2\/types\/post"}],"author":[{"embeddable":true,"href":"https:\/\/archive.sana.sy\/tr\/index.php?rest_route=\/wp\/v2\/users\/44"}],"replies":[{"embeddable":true,"href":"https:\/\/archive.sana.sy\/tr\/index.php?rest_route=%2Fwp%2Fv2%2Fcomments&post=319696"}],"version-history":[{"count":1,"href":"https:\/\/archive.sana.sy\/tr\/index.php?rest_route=\/wp\/v2\/posts\/319696\/revisions"}],"predecessor-version":[{"id":319698,"href":"https:\/\/archive.sana.sy\/tr\/index.php?rest_route=\/wp\/v2\/posts\/319696\/revisions\/319698"}],"wp:featuredmedia":[{"embeddable":true,"href":"https:\/\/archive.sana.sy\/tr\/index.php?rest_route=\/wp\/v2\/media\/319697"}],"wp:attachment":[{"href":"https:\/\/archive.sana.sy\/tr\/index.php?rest_route=%2Fwp%2Fv2%2Fmedia&parent=319696"}],"wp:term":[{"taxonomy":"category","embeddable":true,"href":"https:\/\/archive.sana.sy\/tr\/index.php?rest_route=%2Fwp%2Fv2%2Fcategories&post=319696"},{"taxonomy":"post_tag","embeddable":true,"href":"https:\/\/archive.sana.sy\/tr\/index.php?rest_route=%2Fwp%2Fv2%2Ftags&post=319696"}],"curies":[{"name":"wp","href":"https:\/\/api.w.org\/{rel}","templated":true}]}}