{"id":319707,"date":"2025-04-25T10:00:48","date_gmt":"2025-04-25T07:00:48","guid":{"rendered":"https:\/\/sana.sy\/tr\/?p=319707"},"modified":"2025-04-26T17:32:39","modified_gmt":"2025-04-26T14:32:39","slug":"cumhurbaskani-el-sara-saglik-bakani-ile-gorustu","status":"publish","type":"post","link":"https:\/\/archive.sana.sy\/tr\/?p=319707","title":{"rendered":"Cumhurba\u015fkan\u0131 El \u015eara Sa\u011fl\u0131k Bakan\u0131 \u0130le G\u00f6r\u00fc\u015ft\u00fc"},"content":{"rendered":"<p style=\"text-align: justify;\"><span style=\"color: #800000;\"><strong>\u015eAM (SANA)<\/strong> &#8211;<\/span> Cumhurba\u015fkan\u0131 Ahmed El \u015eara, Sa\u011fl\u0131k Bakan\u0131 Say\u0131n Musab El Ali ile bir araya geldi.<\/p>\n<p style=\"text-align: justify;\">G\u00f6r\u00fc\u015fmede, bundan sonraki a\u015faman\u0131n \u00f6ncelikleri ele al\u0131narak, \u00fclkede sa\u011fl\u0131k sekt\u00f6r\u00fcn\u00fcn geli\u015ftirilmesi, vatanda\u015flara sunulan sa\u011fl\u0131k hizmetlerinin iyile\u015ftirilmesi, hastane ve sa\u011fl\u0131k ocaklar\u0131n\u0131n durumunun iyile\u015ftirilmesi gibi konular ele al\u0131nd\u0131.<\/p>\n<p style=\"text-align: justify;\">G\u00f6r\u00fc\u015fmede ayr\u0131ca, yerel ve uluslararas\u0131 kurulu\u015flarla i\u015fbirli\u011fi yap\u0131larak sa\u011fl\u0131k sekt\u00f6r\u00fcn\u00fcn geli\u015ftirilmesi ve tedavi ve koruyucu programlar\u0131n kapsam\u0131n\u0131n geni\u015fletilmesine y\u00f6nelik planlar da sunuldu.<\/p>\n<div id='gallery-1' class='gallery galleryid-319707 gallery-columns-1 gallery-size-full'><figure class='gallery-item'>\n\t\t\t<div class='gallery-icon landscape'>\n\t\t\t\t<a href='https:\/\/archive.sana.sy\/tr\/?attachment_id=319709'><img loading=\"lazy\" decoding=\"async\" width=\"660\" height=\"371\" src=\"https:\/\/archive.sana.sy\/tr\/wp-content\/uploads\/2025\/04\/photo_2025-04-24_21-26-43-copy.jpg\" class=\"attachment-full size-full\" alt=\"\" srcset=\"https:\/\/archive.sana.sy\/tr\/wp-content\/uploads\/2025\/04\/photo_2025-04-24_21-26-43-copy.jpg 660w, https:\/\/archive.sana.sy\/tr\/wp-content\/uploads\/2025\/04\/photo_2025-04-24_21-26-43-copy-300x169.jpg 300w\" sizes=\"auto, (max-width: 660px) 100vw, 660px\" \/><\/a>\n\t\t\t<\/div><\/figure><figure class='gallery-item'>\n\t\t\t<div class='gallery-icon landscape'>\n\t\t\t\t<a href='https:\/\/archive.sana.sy\/tr\/?attachment_id=319710'><img loading=\"lazy\" decoding=\"async\" width=\"660\" height=\"354\" src=\"https:\/\/archive.sana.sy\/tr\/wp-content\/uploads\/2025\/04\/photo_2025-04-24_21-26-15-copy.jpg\" class=\"attachment-full size-full\" alt=\"\" srcset=\"https:\/\/archive.sana.sy\/tr\/wp-content\/uploads\/2025\/04\/photo_2025-04-24_21-26-15-copy.jpg 660w, https:\/\/archive.sana.sy\/tr\/wp-content\/uploads\/2025\/04\/photo_2025-04-24_21-26-15-copy-300x161.jpg 300w, https:\/\/archive.sana.sy\/tr\/wp-content\/uploads\/2025\/04\/photo_2025-04-24_21-26-15-copy-310x165.jpg 310w\" sizes=\"auto, (max-width: 660px) 100vw, 660px\" \/><\/a>\n\t\t\t<\/div><\/figure>\n\t\t<\/div>\n\n","protected":false},"excerpt":{"rendered":"<p>\u015eAM (SANA) &#8211; Cumhurba\u015fkan\u0131 Ahmed El \u015eara, Sa\u011fl\u0131k Bakan\u0131 Say\u0131n Musab El Ali ile bir araya geldi. G\u00f6r\u00fc\u015fmede, bundan sonraki a\u015faman\u0131n \u00f6ncelikleri ele al\u0131narak, \u00fclkede sa\u011fl\u0131k sekt\u00f6r\u00fcn\u00fcn geli\u015ftirilmesi, vatanda\u015flara sunulan sa\u011fl\u0131k hizmetlerinin iyile\u015ftirilmesi, hastane ve sa\u011fl\u0131k ocaklar\u0131n\u0131n durumunun iyile\u015ftirilmesi gibi konular ele al\u0131nd\u0131. G\u00f6r\u00fc\u015fmede ayr\u0131ca, yerel ve uluslararas\u0131 kurulu\u015flarla i\u015fbirli\u011fi yap\u0131larak sa\u011fl\u0131k sekt\u00f6r\u00fcn\u00fcn geli\u015ftirilmesi ve &hellip;<\/p>\n","protected":false},"author":44,"featured_media":319708,"comment_status":"closed","ping_status":"closed","sticky":false,"template":"","format":"standard","meta":{"footnotes":""},"categories":[589,479,609,605,17988,478],"tags":[43785],"class_list":["post-319707","post","type-post","status-publish","format-standard","has-post-thumbnail","","category-haber-seridi","category-haberler-yerel","category-konusmalar","category-sayin-cumhurbaskani","category-son-haberler","category-yerel","tag-cumhurbaskani-el-sara-saglik-bakani-ile-gorustu"],"_links":{"self":[{"href":"https:\/\/archive.sana.sy\/tr\/index.php?rest_route=\/wp\/v2\/posts\/319707","targetHints":{"allow":["GET"]}}],"collection":[{"href":"https:\/\/archive.sana.sy\/tr\/index.php?rest_route=\/wp\/v2\/posts"}],"about":[{"href":"https:\/\/archive.sana.sy\/tr\/index.php?rest_route=\/wp\/v2\/types\/post"}],"author":[{"embeddable":true,"href":"https:\/\/archive.sana.sy\/tr\/index.php?rest_route=\/wp\/v2\/users\/44"}],"replies":[{"embeddable":true,"href":"https:\/\/archive.sana.sy\/tr\/index.php?rest_route=%2Fwp%2Fv2%2Fcomments&post=319707"}],"version-history":[{"count":1,"href":"https:\/\/archive.sana.sy\/tr\/index.php?rest_route=\/wp\/v2\/posts\/319707\/revisions"}],"predecessor-version":[{"id":319711,"href":"https:\/\/archive.sana.sy\/tr\/index.php?rest_route=\/wp\/v2\/posts\/319707\/revisions\/319711"}],"wp:featuredmedia":[{"embeddable":true,"href":"https:\/\/archive.sana.sy\/tr\/index.php?rest_route=\/wp\/v2\/media\/319708"}],"wp:attachment":[{"href":"https:\/\/archive.sana.sy\/tr\/index.php?rest_route=%2Fwp%2Fv2%2Fmedia&parent=319707"}],"wp:term":[{"taxonomy":"category","embeddable":true,"href":"https:\/\/archive.sana.sy\/tr\/index.php?rest_route=%2Fwp%2Fv2%2Fcategories&post=319707"},{"taxonomy":"post_tag","embeddable":true,"href":"https:\/\/archive.sana.sy\/tr\/index.php?rest_route=%2Fwp%2Fv2%2Ftags&post=319707"}],"curies":[{"name":"wp","href":"https:\/\/api.w.org\/{rel}","templated":true}]}}