{"id":319712,"date":"2025-04-25T10:33:51","date_gmt":"2025-04-25T07:33:51","guid":{"rendered":"https:\/\/sana.sy\/tr\/?p=319712"},"modified":"2025-04-25T14:17:29","modified_gmt":"2025-04-25T11:17:29","slug":"disisleri-ve-gurbetciler-bakanligi-suriye-arap-cumhuriyetini-destekleyen-birlesik-bir-arap-tutumu","status":"publish","type":"post","link":"https:\/\/archive.sana.sy\/tr\/?p=319712","title":{"rendered":"D\u0131\u015fi\u015fleri Ve Gurbet\u00e7iler Bakanl\u0131\u011f\u0131: Suriye Arap Cumhuriyeti&#8217;ni Destekleyen Birle\u015fik Bir Arap Tutumu"},"content":{"rendered":"<p style=\"text-align: justify;\"><span style=\"color: #800000;\"><strong>\u015eAM (SANA) &#8211;<\/strong><\/span>\u00a0 D\u0131\u015fi\u015fleri ve Gurbet\u00e7iler Bakanl\u0131\u011f\u0131, Arap Birli\u011fi Bakanlar Konseyi&#8217;nin d\u00fcn Kahire&#8217;de D\u0131\u015fi\u015fleri Bakan\u0131 Esad El \u015eeybani&#8217;nin de kat\u0131l\u0131m\u0131yla d\u00fczenlenen bakanlar toplant\u0131s\u0131n\u0131n ard\u0131ndan Suriye&#8217;ye ili\u015fkin Suriye&#8217;nin egemenli\u011fini, ba\u011f\u0131ms\u0131zl\u0131\u011f\u0131n\u0131 ve toprak b\u00fct\u00fcnl\u00fc\u011f\u00fcn\u00fc koruma ve ge\u00e7i\u015f d\u00f6neminde Suriye halk\u0131n\u0131n tercihlerine sayg\u0131 g\u00f6sterme ve destekleme kararl\u0131l\u0131\u011f\u0131 vurguland\u0131\u011f\u0131 bir a\u00e7\u0131klama yapt\u0131\u011f\u0131n\u0131 do\u011frulad\u0131.<\/p>\n<p style=\"text-align: justify;\">A\u00e7\u0131klamada, Suriye Arap Cumhuriyeti&#8217;nin ge\u00e7i\u015f h\u00fck\u00fcmetine destek ve te\u015fvik vurgulan\u0131rken, ge\u00e7en mart ay\u0131nda Suriye k\u0131y\u0131lar\u0131nda eski rejimin kal\u0131nt\u0131lar\u0131n\u0131n ordu ve g\u00fcvenlik g\u00fc\u00e7lerine y\u00f6nelik sald\u0131r\u0131s\u0131yla ba\u015flayan \u015fiddet eylemleri k\u0131nand\u0131. A\u00e7\u0131klamada ayr\u0131ca, i\u00e7 bar\u0131\u015f\u0131 istikrars\u0131zla\u015ft\u0131rmay\u0131 ve bozmay\u0131 ama\u00e7layan d\u0131\u015f m\u00fcdahalelerin de reddedildi\u011fi belirtildi.<\/p>\n<p style=\"text-align: justify;\">Arap Birli\u011fi&#8217;nden yap\u0131lan a\u00e7\u0131klamada, \u0130srail&#8217;in Suriye topraklar\u0131na y\u00f6nelik sald\u0131r\u0131lar\u0131 ve i\u00e7 \u00e7at\u0131\u015fmalar\u0131 k\u00f6r\u00fckleme giri\u015fimleri ve \u0130srail g\u00fc\u00e7lerinin Suriye&#8217;nin Hermon Da\u011f\u0131 eteklerindeki tampon b\u00f6lgeye ve Rif \u015eam, Kuneytra ve Dera vilayetlerine y\u00f6nelik sald\u0131r\u0131lar\u0131 da k\u0131nand\u0131.<\/p>\n<p style=\"text-align: justify;\">A\u00e7\u0131klamada ayr\u0131ca, s\u00f6z konusu m\u00fcdahalenin uluslararas\u0131 hukukun ve Suriye ile \u0130srail aras\u0131nda 1974 y\u0131l\u0131nda imzalanan \u00e7ekilme anla\u015fmas\u0131n\u0131n a\u00e7\u0131k bir ihlali oldu\u011fu belirtildi ve G\u00fcvenlik Konseyi&#8217;nin bu sald\u0131r\u0131 ve ihlalleri durdurmak i\u00e7in harekete ge\u00e7mesi \u00e7a\u011fr\u0131s\u0131 yap\u0131ld\u0131.<\/p>\n<p style=\"text-align: justify;\">A\u00e7\u0131klamada, Suriye&#8217;ye uygulanan t\u00fcm tek tarafl\u0131 zorlay\u0131c\u0131 yapt\u0131r\u0131mlar\u0131n kald\u0131r\u0131lmas\u0131, \u00fclkedeki toparlanma ve yeniden yap\u0131lanma \u00e7al\u0131\u015fmalar\u0131n\u0131n h\u0131zland\u0131r\u0131lmas\u0131 ve yerinden edilmi\u015f ki\u015filerin g\u00f6n\u00fcll\u00fc geri d\u00f6n\u00fc\u015flerine katk\u0131 sa\u011flanmas\u0131 \u00e7a\u011fr\u0131s\u0131 yap\u0131ld\u0131. Bunun yan\u0131nda da ABD ve Avrupa&#8217;n\u0131n Suriye&#8217;ye uygulad\u0131\u011f\u0131 yapt\u0131r\u0131mlar\u0131n hafifletilmesi de memnuniyetle kar\u015f\u0131land\u0131 ve don\u00f6r \u00fclkelere, Suriye&#8217;deki insani duruma destek olma taahh\u00fctlerini h\u0131zla yerine getirmeleri \u00e7a\u011fr\u0131s\u0131nda bulunuldu.<\/p>\n<p style=\"text-align: justify;\">A\u00e7\u0131klamada, Birle\u015fmi\u015f Milletler&#8217;in Suriye h\u00fck\u00fcmetine tam i\u015f birli\u011fiyle destek verme rol\u00fcn\u00fcn \u00f6nemi vurgulan\u0131rken, Arap Birli\u011fi&#8217;nin ge\u00e7i\u015f d\u00f6neminde Suriye&#8217;ye destek verme, Suriye&#8217;de ortak Arap i\u015f birli\u011fini g\u00fc\u00e7lendirme ve Suriye&#8217;ye insani yard\u0131m sa\u011flamaya devam etme rol\u00fcn\u00fcn \u00f6nemine de vurgu yap\u0131ld\u0131.<\/p>\n<p style=\"text-align: justify;\">Birle\u015fik Arap A\u00e7\u0131klamas\u0131, D\u0131\u015fi\u015fleri ve Gurbet\u00e7iler Bakanl\u0131\u011f\u0131&#8217;n\u0131n Suriye&#8217;yi Arap Birli\u011fi&#8217;ndeki eski stat\u00fcs\u00fcne ve konumuna kavu\u015fturmak ve eski rejimin politikalar\u0131 sonucu Arap karde\u015fleriyle ya\u015fanan yabanc\u0131la\u015fman\u0131n ard\u0131ndan birle\u015fik bir Arap konumu yaratmak amac\u0131yla ortak Arap i\u015f birli\u011fini g\u00fc\u00e7lendirmek amac\u0131yla sarf etti\u011fi yorulmak bilmez \u00e7abalar \u0131\u015f\u0131\u011f\u0131nda geldi.<\/p>\n","protected":false},"excerpt":{"rendered":"<p>\u015eAM (SANA) &#8211;\u00a0 D\u0131\u015fi\u015fleri ve Gurbet\u00e7iler Bakanl\u0131\u011f\u0131, Arap Birli\u011fi Bakanlar Konseyi&#8217;nin d\u00fcn Kahire&#8217;de D\u0131\u015fi\u015fleri Bakan\u0131 Esad El \u015eeybani&#8217;nin de kat\u0131l\u0131m\u0131yla d\u00fczenlenen bakanlar toplant\u0131s\u0131n\u0131n ard\u0131ndan Suriye&#8217;ye ili\u015fkin Suriye&#8217;nin egemenli\u011fini, ba\u011f\u0131ms\u0131zl\u0131\u011f\u0131n\u0131 ve toprak b\u00fct\u00fcnl\u00fc\u011f\u00fcn\u00fc koruma ve ge\u00e7i\u015f d\u00f6neminde Suriye halk\u0131n\u0131n tercihlerine sayg\u0131 g\u00f6sterme ve destekleme kararl\u0131l\u0131\u011f\u0131 vurguland\u0131\u011f\u0131 bir a\u00e7\u0131klama yapt\u0131\u011f\u0131n\u0131 do\u011frulad\u0131. A\u00e7\u0131klamada, Suriye Arap Cumhuriyeti&#8217;nin ge\u00e7i\u015f h\u00fck\u00fcmetine &hellip;<\/p>\n","protected":false},"author":44,"featured_media":319713,"comment_status":"closed","ping_status":"closed","sticky":false,"template":"","format":"standard","meta":{"footnotes":""},"categories":[589,479,17988,478],"tags":[43786],"class_list":["post-319712","post","type-post","status-publish","format-standard","has-post-thumbnail","","category-haber-seridi","category-haberler-yerel","category-son-haberler","category-yerel","tag-disisleri-ve-gurbetciler-bakanligi-suriye-arap-cumhuriyetini-destekleyen-birlesik-bir-arap-tutumu"],"_links":{"self":[{"href":"https:\/\/archive.sana.sy\/tr\/index.php?rest_route=\/wp\/v2\/posts\/319712","targetHints":{"allow":["GET"]}}],"collection":[{"href":"https:\/\/archive.sana.sy\/tr\/index.php?rest_route=\/wp\/v2\/posts"}],"about":[{"href":"https:\/\/archive.sana.sy\/tr\/index.php?rest_route=\/wp\/v2\/types\/post"}],"author":[{"embeddable":true,"href":"https:\/\/archive.sana.sy\/tr\/index.php?rest_route=\/wp\/v2\/users\/44"}],"replies":[{"embeddable":true,"href":"https:\/\/archive.sana.sy\/tr\/index.php?rest_route=%2Fwp%2Fv2%2Fcomments&post=319712"}],"version-history":[{"count":2,"href":"https:\/\/archive.sana.sy\/tr\/index.php?rest_route=\/wp\/v2\/posts\/319712\/revisions"}],"predecessor-version":[{"id":319732,"href":"https:\/\/archive.sana.sy\/tr\/index.php?rest_route=\/wp\/v2\/posts\/319712\/revisions\/319732"}],"wp:featuredmedia":[{"embeddable":true,"href":"https:\/\/archive.sana.sy\/tr\/index.php?rest_route=\/wp\/v2\/media\/319713"}],"wp:attachment":[{"href":"https:\/\/archive.sana.sy\/tr\/index.php?rest_route=%2Fwp%2Fv2%2Fmedia&parent=319712"}],"wp:term":[{"taxonomy":"category","embeddable":true,"href":"https:\/\/archive.sana.sy\/tr\/index.php?rest_route=%2Fwp%2Fv2%2Fcategories&post=319712"},{"taxonomy":"post_tag","embeddable":true,"href":"https:\/\/archive.sana.sy\/tr\/index.php?rest_route=%2Fwp%2Fv2%2Ftags&post=319712"}],"curies":[{"name":"wp","href":"https:\/\/api.w.org\/{rel}","templated":true}]}}