{"id":319725,"date":"2025-04-25T13:05:15","date_gmt":"2025-04-25T10:05:15","guid":{"rendered":"https:\/\/sana.sy\/tr\/?p=319725"},"modified":"2025-04-25T14:16:50","modified_gmt":"2025-04-25T11:16:50","slug":"imf-ve-dunya-bankasi-suriyenin-uluslararasi-topluma-yeniden-kazandirilmasina-yonelik-cabalari-memnuniyetle-karsiladi","status":"publish","type":"post","link":"https:\/\/archive.sana.sy\/tr\/?p=319725","title":{"rendered":"IMF Ve D\u00fcnya Bankas\u0131, Suriye&#8217;nin Uluslararas\u0131 Topluma Yeniden Kazand\u0131r\u0131lmas\u0131na Y\u00f6nelik \u00c7abalar\u0131 Memnuniyetle Kar\u015f\u0131lad\u0131"},"content":{"rendered":"<p style=\"text-align: justify;\"><span style=\"color: #800000;\"><strong>WASH\u0130NGTON (SANA) &#8211;<\/strong><\/span> Uluslararas\u0131 Para Fonu ve D\u00fcnya Bankas\u0131, d\u00fcn gece yapt\u0131klar\u0131 ortak a\u00e7\u0131klamada, Suriye&#8217;nin uluslararas\u0131 topluma yeniden entegrasyonuna y\u00f6nelik \u00e7abalar\u0131 memnuniyetle kar\u015f\u0131lad\u0131.<\/p>\n<p style=\"text-align: justify;\">Agence France-Presse&#8217;in haberine g\u00f6re ortak a\u00e7\u0131klamada \u015fu ifadelere yer verildi: \u201cSuriye ekonomisinin kar\u015f\u0131 kar\u015f\u0131ya oldu\u011fu acil zorluklar\u0131n yayg\u0131n bir \u015fekilde kabul edilmesi ve Suriye yetkililerinin iyile\u015fme ve kalk\u0131nma \u00e7abalar\u0131n\u0131 desteklemeye y\u00f6nelik kolektif bir taahh\u00fct.\u201d<\/p>\n<p style=\"text-align: justify;\">A\u00e7\u0131klamada ayr\u0131ca, Suriye halk\u0131n\u0131n temel ihtiya\u00e7lar\u0131n\u0131n kar\u015f\u0131lanmas\u0131, kurumlar\u0131n yeniden in\u015fas\u0131 ve ekonomik toparlanmaya y\u00f6nelik ulusal strateji geli\u015ftirilmesine y\u00f6nelik \u00e7al\u0131\u015fmalara \u00f6ncelik verilece\u011fi belirtildi.<\/p>\n<p style=\"text-align: justify;\">Uluslararas\u0131 Para Fonu (IMF) Genel M\u00fcd\u00fcr\u00fc Kristalina Georgieva, d\u00fczenledi\u011fi bas\u0131n toplant\u0131s\u0131nda \u015funlar\u0131 s\u00f6yledi: &#8220;Amac\u0131m\u0131z her \u015feyden \u00f6nce Suriye&#8217;nin kurumlar\u0131n\u0131 yeniden in\u015fa ederek k\u00fcresel ekonomiye entegre olmas\u0131na yard\u0131mc\u0131 olmakt\u0131r.&#8221;<\/p>\n<p style=\"text-align: justify;\">Georgieva ayr\u0131ca, bu hafta ba\u015f\u0131nda Suriye Merkez Bankas\u0131 Guvern\u00f6r\u00fc ve Maliye Bakan\u0131&#8217;n\u0131n da kat\u0131l\u0131m\u0131yla 20 y\u0131ldan uzun bir aradan sonra ilk kez Suriye ile bir toplant\u0131 ger\u00e7ekle\u015ftirdiklerini kaydetti.<\/p>\n<p style=\"text-align: justify;\">IMF Orta Do\u011fu ve Orta Asya Dairesi Ba\u015fkan\u0131 Cihad Azur ise Ortado\u011fu ve Orta Asya ekonomilerine ili\u015fkin d\u00fczenledi\u011fi bas\u0131n toplant\u0131s\u0131nda, Suriye ile yap\u0131lan g\u00f6r\u00fc\u015fmelere ili\u015fkin de\u011ferlendirmelerde bulundu.<\/p>\n<p style=\"text-align: justify;\">Azur, Suriye&#8217;nin son 15 y\u0131ld\u0131r uluslararas\u0131 sahneden uzak kald\u0131\u011f\u0131n\u0131, \u00fclkenin 2011&#8217;den bu yana Uluslararas\u0131 Para Fonu&#8217;yla etkile\u015fiminin ise \u00e7ok s\u0131n\u0131rl\u0131 oldu\u011funu belirterek, Uluslararas\u0131 toplumun bug\u00fcn Suriye&#8217;nin uzun bir sava\u015ftan sonra nas\u0131l toparlanabilece\u011fi konusunda aktif olarak \u00e7aba g\u00f6sterdi\u011fini vurgulad\u0131.<\/p>\n<p style=\"text-align: justify;\">Suriye&#8217;nin ihtiya\u00e7lar\u0131n\u0131 de\u011ferlendirmek ve bu konuda koordinasyon \u00e7er\u00e7evesi olu\u015fturmak amac\u0131yla ge\u00e7en Sal\u0131 g\u00fcn\u00fc uluslararas\u0131 kurulu\u015f temsilcilerinin bir araya geldi\u011fi bir koordinasyon toplant\u0131s\u0131 yap\u0131ld\u0131\u011f\u0131n\u0131 anlatan Azur \u015f\u00f6yle devam etti:\u00a0 \u201cFon, uluslararas\u0131 toplumu ve Suriye ile olan etkile\u015fimini desteklemek i\u00e7in \u00e7al\u0131\u015f\u0131yor. Makroekonomik durum ve kurumsal kapasite de\u011ferlendirmemize \u00e7oktan ba\u015flad\u0131k ve yeni Suriye yetkilileriyle i\u015f birli\u011fimizi s\u00fcrd\u00fcrmeyi d\u00f6rt g\u00f6zle bekliyoruz.\u201d<\/p>\n","protected":false},"excerpt":{"rendered":"<p>WASH\u0130NGTON (SANA) &#8211; Uluslararas\u0131 Para Fonu ve D\u00fcnya Bankas\u0131, d\u00fcn gece yapt\u0131klar\u0131 ortak a\u00e7\u0131klamada, Suriye&#8217;nin uluslararas\u0131 topluma yeniden entegrasyonuna y\u00f6nelik \u00e7abalar\u0131 memnuniyetle kar\u015f\u0131lad\u0131. Agence France-Presse&#8217;in haberine g\u00f6re ortak a\u00e7\u0131klamada \u015fu ifadelere yer verildi: \u201cSuriye ekonomisinin kar\u015f\u0131 kar\u015f\u0131ya oldu\u011fu acil zorluklar\u0131n yayg\u0131n bir \u015fekilde kabul edilmesi ve Suriye yetkililerinin iyile\u015fme ve kalk\u0131nma \u00e7abalar\u0131n\u0131 desteklemeye y\u00f6nelik kolektif &hellip;<\/p>\n","protected":false},"author":44,"featured_media":319726,"comment_status":"closed","ping_status":"closed","sticky":false,"template":"","format":"standard","meta":{"footnotes":""},"categories":[458,589,459,17988],"tags":[43791,43792],"class_list":["post-319725","post","type-post","status-publish","format-standard","has-post-thumbnail","","category-dunya1","category-haber-seridi","category-haberler-arap-uluslararasi-politika","category-son-haberler","tag-imf-ve-dunya-bankasi","tag-suriyenin-uluslararasi-topluma-yeniden-kazandirilmasina-yonelik-cabalari-memnuniyetle-karsiladi"],"_links":{"self":[{"href":"https:\/\/archive.sana.sy\/tr\/index.php?rest_route=\/wp\/v2\/posts\/319725","targetHints":{"allow":["GET"]}}],"collection":[{"href":"https:\/\/archive.sana.sy\/tr\/index.php?rest_route=\/wp\/v2\/posts"}],"about":[{"href":"https:\/\/archive.sana.sy\/tr\/index.php?rest_route=\/wp\/v2\/types\/post"}],"author":[{"embeddable":true,"href":"https:\/\/archive.sana.sy\/tr\/index.php?rest_route=\/wp\/v2\/users\/44"}],"replies":[{"embeddable":true,"href":"https:\/\/archive.sana.sy\/tr\/index.php?rest_route=%2Fwp%2Fv2%2Fcomments&post=319725"}],"version-history":[{"count":2,"href":"https:\/\/archive.sana.sy\/tr\/index.php?rest_route=\/wp\/v2\/posts\/319725\/revisions"}],"predecessor-version":[{"id":319731,"href":"https:\/\/archive.sana.sy\/tr\/index.php?rest_route=\/wp\/v2\/posts\/319725\/revisions\/319731"}],"wp:featuredmedia":[{"embeddable":true,"href":"https:\/\/archive.sana.sy\/tr\/index.php?rest_route=\/wp\/v2\/media\/319726"}],"wp:attachment":[{"href":"https:\/\/archive.sana.sy\/tr\/index.php?rest_route=%2Fwp%2Fv2%2Fmedia&parent=319725"}],"wp:term":[{"taxonomy":"category","embeddable":true,"href":"https:\/\/archive.sana.sy\/tr\/index.php?rest_route=%2Fwp%2Fv2%2Fcategories&post=319725"},{"taxonomy":"post_tag","embeddable":true,"href":"https:\/\/archive.sana.sy\/tr\/index.php?rest_route=%2Fwp%2Fv2%2Ftags&post=319725"}],"curies":[{"name":"wp","href":"https:\/\/api.w.org\/{rel}","templated":true}]}}