{"id":319728,"date":"2025-04-25T14:14:29","date_gmt":"2025-04-25T11:14:29","guid":{"rendered":"https:\/\/sana.sy\/tr\/?p=319728"},"modified":"2025-04-26T17:32:06","modified_gmt":"2025-04-26T14:32:06","slug":"cumhurbaskani-el-sara-tarim-bakani-ile-bir-araya-geldi","status":"publish","type":"post","link":"https:\/\/archive.sana.sy\/tr\/?p=319728","title":{"rendered":"Cumhurba\u015fkan\u0131 El \u015eara Tar\u0131m Bakan\u0131 \u0130le Bir Araya Geldi"},"content":{"rendered":"<p style=\"text-align: justify;\"><strong><span style=\"color: #800000;\">\u015eAM (SANA) &#8211;<\/span><\/strong> Cumhurba\u015fkan\u0131 Say\u0131n Ahmed El \u015eara, Tar\u0131m Bakan\u0131 Say\u0131n Amced Bedir ile bir araya gelerek bakanl\u0131\u011f\u0131n \u00e7al\u0131\u015fmalar\u0131, Suriye Arap Cumhuriyeti&#8217;ndeki tar\u0131msal durum, kendi kendine yeterlili\u011fe ula\u015fma planlar\u0131 ve \u00e7ift\u00e7ilere destek yollar\u0131 hakk\u0131nda g\u00f6r\u00fc\u015ft\u00fc.<\/p>\n","protected":false},"excerpt":{"rendered":"<p>\u015eAM (SANA) &#8211; Cumhurba\u015fkan\u0131 Say\u0131n Ahmed El \u015eara, Tar\u0131m Bakan\u0131 Say\u0131n Amced Bedir ile bir araya gelerek bakanl\u0131\u011f\u0131n \u00e7al\u0131\u015fmalar\u0131, Suriye Arap Cumhuriyeti&#8217;ndeki tar\u0131msal durum, kendi kendine yeterlili\u011fe ula\u015fma planlar\u0131 ve \u00e7ift\u00e7ilere destek yollar\u0131 hakk\u0131nda g\u00f6r\u00fc\u015ft\u00fc.<\/p>\n","protected":false},"author":44,"featured_media":319729,"comment_status":"closed","ping_status":"closed","sticky":false,"template":"","format":"standard","meta":{"footnotes":""},"categories":[589,609,605,17988],"tags":[43793],"class_list":["post-319728","post","type-post","status-publish","format-standard","has-post-thumbnail","","category-haber-seridi","category-konusmalar","category-sayin-cumhurbaskani","category-son-haberler","tag-cumhurbaskani-el-sara-tarim-bakani-ile-bir-araya-geldi"],"_links":{"self":[{"href":"https:\/\/archive.sana.sy\/tr\/index.php?rest_route=\/wp\/v2\/posts\/319728","targetHints":{"allow":["GET"]}}],"collection":[{"href":"https:\/\/archive.sana.sy\/tr\/index.php?rest_route=\/wp\/v2\/posts"}],"about":[{"href":"https:\/\/archive.sana.sy\/tr\/index.php?rest_route=\/wp\/v2\/types\/post"}],"author":[{"embeddable":true,"href":"https:\/\/archive.sana.sy\/tr\/index.php?rest_route=\/wp\/v2\/users\/44"}],"replies":[{"embeddable":true,"href":"https:\/\/archive.sana.sy\/tr\/index.php?rest_route=%2Fwp%2Fv2%2Fcomments&post=319728"}],"version-history":[{"count":2,"href":"https:\/\/archive.sana.sy\/tr\/index.php?rest_route=\/wp\/v2\/posts\/319728\/revisions"}],"predecessor-version":[{"id":319791,"href":"https:\/\/archive.sana.sy\/tr\/index.php?rest_route=\/wp\/v2\/posts\/319728\/revisions\/319791"}],"wp:featuredmedia":[{"embeddable":true,"href":"https:\/\/archive.sana.sy\/tr\/index.php?rest_route=\/wp\/v2\/media\/319729"}],"wp:attachment":[{"href":"https:\/\/archive.sana.sy\/tr\/index.php?rest_route=%2Fwp%2Fv2%2Fmedia&parent=319728"}],"wp:term":[{"taxonomy":"category","embeddable":true,"href":"https:\/\/archive.sana.sy\/tr\/index.php?rest_route=%2Fwp%2Fv2%2Fcategories&post=319728"},{"taxonomy":"post_tag","embeddable":true,"href":"https:\/\/archive.sana.sy\/tr\/index.php?rest_route=%2Fwp%2Fv2%2Ftags&post=319728"}],"curies":[{"name":"wp","href":"https:\/\/api.w.org\/{rel}","templated":true}]}}