{"id":319733,"date":"2025-04-25T14:21:02","date_gmt":"2025-04-25T11:21:02","guid":{"rendered":"https:\/\/sana.sy\/tr\/?p=319733"},"modified":"2025-04-25T14:52:55","modified_gmt":"2025-04-25T11:52:55","slug":"ulastirma-bakani-urdun-heyetiyle-yatirimlar-ve-kamu-tesisleri-alaninda-isbirliginin-artirilmasi-konusunu-gorustu","status":"publish","type":"post","link":"https:\/\/archive.sana.sy\/tr\/?p=319733","title":{"rendered":"Ula\u015ft\u0131rma Bakan\u0131, \u00dcrd\u00fcn Heyetiyle Yat\u0131r\u0131mlar Ve Kamu Tesisleri Alan\u0131nda \u0130\u015fbirli\u011finin Art\u0131r\u0131lmas\u0131 Konusunu G\u00f6r\u00fc\u015ft\u00fc"},"content":{"rendered":"<p style=\"text-align: justify;\"><span style=\"color: #800000;\"><strong>\u015eAM (SANA) &#8211;<\/strong> <\/span>Ula\u015ft\u0131rma Bakan\u0131 Yarub Bedir, ula\u015ft\u0131rma ve kamu hizmetleri alan\u0131nda uzmanlardan olu\u015fan \u00dcrd\u00fcn heyetiyle, iki karde\u015f \u00fclke aras\u0131nda ortak \u00e7al\u0131\u015fma ve i\u015fbirli\u011finin geli\u015ftirilmesi imk\u00e2nlar\u0131n\u0131 g\u00f6r\u00fc\u015ft\u00fc.<\/p>\n<p style=\"text-align: justify;\">\u015eam&#8217;daki Bakanl\u0131k binas\u0131nda iki taraf aras\u0131nda ger\u00e7ekle\u015fen g\u00f6r\u00fc\u015fmede Bakan Bedir, Suriye-\u00dcrd\u00fcn ili\u015fkilerinin \u00e7e\u015fitli alanlarda g\u00fc\u00e7lendirilmesinin \u00f6nemini vurgulayarak, ula\u015ft\u0131rma alan\u0131nda yerel, b\u00f6lgesel ve uluslararas\u0131 alanda ya\u015fanan geli\u015fme ve de\u011fi\u015fimlere ayak uyduracak ve her iki \u00fclkedeki ula\u015ft\u0131rma sekt\u00f6r\u00fcn\u00fcn ilerlemesine hizmet edecek \u015fekilde uzmanl\u0131k al\u0131\u015fveri\u015finde bulunulmas\u0131n\u0131n gereklili\u011fini vurgulad\u0131.<\/p>\n<p style=\"text-align: justify;\">Buna kar\u015f\u0131l\u0131k, heyet \u00fcyeleri \u015funlar\u0131 ifade ettiler: \u2018\u2019Ziyaret protokol boyutunun \u00f6tesine ge\u00e7erek, Suriye\u2019deki hizmet ve ekonomik ger\u00e7ekli\u011fe olumlu yans\u0131yacak ger\u00e7ek ve verimli bir deste\u011fe do\u011fru pratik bir ad\u0131m olma niteli\u011fini ta\u015f\u0131yor.\u2019\u2019<\/p>\n<p style=\"text-align: justify;\">Heyet ayr\u0131ca, ziyaretin amac\u0131n\u0131n, Suriye&#8217;nin ula\u015ft\u0131rma, kamu tesisleri, yat\u0131r\u0131mlar, d\u00fczenlemeler ve trafik g\u00fcvenli\u011fi gibi \u00e7e\u015fitli sekt\u00f6rlerdeki ihtiya\u00e7lar\u0131n\u0131 do\u011frudan anlamak oldu\u011funu belirterek, bu hayati sekt\u00f6rlerin rehabilitasyonuna katk\u0131da bulunmak i\u00e7in gerekli uzmanl\u0131k ve deste\u011fi sa\u011flamaya haz\u0131r olduklar\u0131n\u0131 vurgulad\u0131.<\/p>\n","protected":false},"excerpt":{"rendered":"<p>\u015eAM (SANA) &#8211; Ula\u015ft\u0131rma Bakan\u0131 Yarub Bedir, ula\u015ft\u0131rma ve kamu hizmetleri alan\u0131nda uzmanlardan olu\u015fan \u00dcrd\u00fcn heyetiyle, iki karde\u015f \u00fclke aras\u0131nda ortak \u00e7al\u0131\u015fma ve i\u015fbirli\u011finin geli\u015ftirilmesi imk\u00e2nlar\u0131n\u0131 g\u00f6r\u00fc\u015ft\u00fc. \u015eam&#8217;daki Bakanl\u0131k binas\u0131nda iki taraf aras\u0131nda ger\u00e7ekle\u015fen g\u00f6r\u00fc\u015fmede Bakan Bedir, Suriye-\u00dcrd\u00fcn ili\u015fkilerinin \u00e7e\u015fitli alanlarda g\u00fc\u00e7lendirilmesinin \u00f6nemini vurgulayarak, ula\u015ft\u0131rma alan\u0131nda yerel, b\u00f6lgesel ve uluslararas\u0131 alanda ya\u015fanan geli\u015fme ve de\u011fi\u015fimlere &hellip;<\/p>\n","protected":false},"author":44,"featured_media":319734,"comment_status":"closed","ping_status":"closed","sticky":false,"template":"","format":"standard","meta":{"footnotes":""},"categories":[589,479,17988,478],"tags":[25317,43794],"class_list":["post-319733","post","type-post","status-publish","format-standard","has-post-thumbnail","","category-haber-seridi","category-haberler-yerel","category-son-haberler","category-yerel","tag-ulastirma-bakani","tag-urdun-heyetiyle-yatirimlar-ve-kamu-tesisleri-alaninda-isbirliginin-artirilmasi-konusunu-gorustu"],"_links":{"self":[{"href":"https:\/\/archive.sana.sy\/tr\/index.php?rest_route=\/wp\/v2\/posts\/319733","targetHints":{"allow":["GET"]}}],"collection":[{"href":"https:\/\/archive.sana.sy\/tr\/index.php?rest_route=\/wp\/v2\/posts"}],"about":[{"href":"https:\/\/archive.sana.sy\/tr\/index.php?rest_route=\/wp\/v2\/types\/post"}],"author":[{"embeddable":true,"href":"https:\/\/archive.sana.sy\/tr\/index.php?rest_route=\/wp\/v2\/users\/44"}],"replies":[{"embeddable":true,"href":"https:\/\/archive.sana.sy\/tr\/index.php?rest_route=%2Fwp%2Fv2%2Fcomments&post=319733"}],"version-history":[{"count":4,"href":"https:\/\/archive.sana.sy\/tr\/index.php?rest_route=\/wp\/v2\/posts\/319733\/revisions"}],"predecessor-version":[{"id":319739,"href":"https:\/\/archive.sana.sy\/tr\/index.php?rest_route=\/wp\/v2\/posts\/319733\/revisions\/319739"}],"wp:featuredmedia":[{"embeddable":true,"href":"https:\/\/archive.sana.sy\/tr\/index.php?rest_route=\/wp\/v2\/media\/319734"}],"wp:attachment":[{"href":"https:\/\/archive.sana.sy\/tr\/index.php?rest_route=%2Fwp%2Fv2%2Fmedia&parent=319733"}],"wp:term":[{"taxonomy":"category","embeddable":true,"href":"https:\/\/archive.sana.sy\/tr\/index.php?rest_route=%2Fwp%2Fv2%2Fcategories&post=319733"},{"taxonomy":"post_tag","embeddable":true,"href":"https:\/\/archive.sana.sy\/tr\/index.php?rest_route=%2Fwp%2Fv2%2Ftags&post=319733"}],"curies":[{"name":"wp","href":"https:\/\/api.w.org\/{rel}","templated":true}]}}