{"id":319777,"date":"2025-04-26T13:01:51","date_gmt":"2025-04-26T10:01:51","guid":{"rendered":"https:\/\/sana.sy\/tr\/?p=319777"},"modified":"2025-04-26T13:01:51","modified_gmt":"2025-04-26T10:01:51","slug":"sana-genel-muduru-ve-beraberindeki-heyet-medya-is-birligini-artirmak-amaciyla-suriye-haber-kanalini-ziyaret-etti","status":"publish","type":"post","link":"https:\/\/archive.sana.sy\/tr\/?p=319777","title":{"rendered":"SANA Genel M\u00fcd\u00fcr\u00fc Ve Beraberindeki Heyet, Medya \u0130\u015f Birli\u011fini Art\u0131rmak Amac\u0131yla Suriye Haber Kanal\u0131&#8217;n\u0131 Ziyaret Etti"},"content":{"rendered":"<p><span style=\"color: #800000;\"><strong>\u015eAM (SANA) &#8211;<\/strong><\/span> Suriye Arap Haber Ajans\u0131 Genel M\u00fcd\u00fcr\u00fc Ziad El Mahamid ve beraberindeki heyet, \u00f6n\u00fcm\u00fczdeki d\u00f6nemde haber ve bilgi al\u0131\u015fveri\u015fine y\u00f6nelik medya i\u015fbirli\u011fi ve koordinasyonunu art\u0131rmak amac\u0131yla Suriye Haber Ajans\u0131&#8217;n\u0131 ziyaret etti.<\/p>\n<div id='gallery-1' class='gallery galleryid-319777 gallery-columns-1 gallery-size-full'><figure class='gallery-item'>\n\t\t\t<div class='gallery-icon landscape'>\n\t\t\t\t<a href='https:\/\/archive.sana.sy\/tr\/?attachment_id=319778'><img loading=\"lazy\" decoding=\"async\" width=\"1280\" height=\"853\" src=\"https:\/\/archive.sana.sy\/tr\/wp-content\/uploads\/2025\/04\/photo_2025-04-25_22-41-28.jpg\" class=\"attachment-full size-full\" alt=\"\" srcset=\"https:\/\/archive.sana.sy\/tr\/wp-content\/uploads\/2025\/04\/photo_2025-04-25_22-41-28.jpg 1280w, https:\/\/archive.sana.sy\/tr\/wp-content\/uploads\/2025\/04\/photo_2025-04-25_22-41-28-300x200.jpg 300w, https:\/\/archive.sana.sy\/tr\/wp-content\/uploads\/2025\/04\/photo_2025-04-25_22-41-28-1024x682.jpg 1024w, https:\/\/archive.sana.sy\/tr\/wp-content\/uploads\/2025\/04\/photo_2025-04-25_22-41-28-768x512.jpg 768w\" sizes=\"auto, (max-width: 1280px) 100vw, 1280px\" \/><\/a>\n\t\t\t<\/div><\/figure><figure class='gallery-item'>\n\t\t\t<div class='gallery-icon landscape'>\n\t\t\t\t<a href='https:\/\/archive.sana.sy\/tr\/?attachment_id=319779'><img loading=\"lazy\" decoding=\"async\" width=\"1280\" height=\"853\" src=\"https:\/\/archive.sana.sy\/tr\/wp-content\/uploads\/2025\/04\/photo_2025-04-25_22-41-31.jpg\" class=\"attachment-full size-full\" alt=\"\" srcset=\"https:\/\/archive.sana.sy\/tr\/wp-content\/uploads\/2025\/04\/photo_2025-04-25_22-41-31.jpg 1280w, https:\/\/archive.sana.sy\/tr\/wp-content\/uploads\/2025\/04\/photo_2025-04-25_22-41-31-300x200.jpg 300w, https:\/\/archive.sana.sy\/tr\/wp-content\/uploads\/2025\/04\/photo_2025-04-25_22-41-31-1024x682.jpg 1024w, https:\/\/archive.sana.sy\/tr\/wp-content\/uploads\/2025\/04\/photo_2025-04-25_22-41-31-768x512.jpg 768w\" sizes=\"auto, (max-width: 1280px) 100vw, 1280px\" \/><\/a>\n\t\t\t<\/div><\/figure>\n\t\t<\/div>\n\n","protected":false},"excerpt":{"rendered":"<p>\u015eAM (SANA) &#8211; Suriye Arap Haber Ajans\u0131 Genel M\u00fcd\u00fcr\u00fc Ziad El Mahamid ve beraberindeki heyet, \u00f6n\u00fcm\u00fczdeki d\u00f6nemde haber ve bilgi al\u0131\u015fveri\u015fine y\u00f6nelik medya i\u015fbirli\u011fi ve koordinasyonunu art\u0131rmak amac\u0131yla Suriye Haber Ajans\u0131&#8217;n\u0131 ziyaret etti.<\/p>\n","protected":false},"author":44,"featured_media":319780,"comment_status":"closed","ping_status":"closed","sticky":false,"template":"","format":"standard","meta":{"footnotes":""},"categories":[589,479,17988,478],"tags":[43810,43809],"class_list":["post-319777","post","type-post","status-publish","format-standard","has-post-thumbnail","","category-haber-seridi","category-haberler-yerel","category-son-haberler","category-yerel","tag-medya-is-birligini-artirmak-amaciyla-suriye-haber-kanalini-ziyaret-etti","tag-sana-genel-muduru-ve-beraberindeki-heyet"],"_links":{"self":[{"href":"https:\/\/archive.sana.sy\/tr\/index.php?rest_route=\/wp\/v2\/posts\/319777","targetHints":{"allow":["GET"]}}],"collection":[{"href":"https:\/\/archive.sana.sy\/tr\/index.php?rest_route=\/wp\/v2\/posts"}],"about":[{"href":"https:\/\/archive.sana.sy\/tr\/index.php?rest_route=\/wp\/v2\/types\/post"}],"author":[{"embeddable":true,"href":"https:\/\/archive.sana.sy\/tr\/index.php?rest_route=\/wp\/v2\/users\/44"}],"replies":[{"embeddable":true,"href":"https:\/\/archive.sana.sy\/tr\/index.php?rest_route=%2Fwp%2Fv2%2Fcomments&post=319777"}],"version-history":[{"count":1,"href":"https:\/\/archive.sana.sy\/tr\/index.php?rest_route=\/wp\/v2\/posts\/319777\/revisions"}],"predecessor-version":[{"id":319781,"href":"https:\/\/archive.sana.sy\/tr\/index.php?rest_route=\/wp\/v2\/posts\/319777\/revisions\/319781"}],"wp:featuredmedia":[{"embeddable":true,"href":"https:\/\/archive.sana.sy\/tr\/index.php?rest_route=\/wp\/v2\/media\/319780"}],"wp:attachment":[{"href":"https:\/\/archive.sana.sy\/tr\/index.php?rest_route=%2Fwp%2Fv2%2Fmedia&parent=319777"}],"wp:term":[{"taxonomy":"category","embeddable":true,"href":"https:\/\/archive.sana.sy\/tr\/index.php?rest_route=%2Fwp%2Fv2%2Fcategories&post=319777"},{"taxonomy":"post_tag","embeddable":true,"href":"https:\/\/archive.sana.sy\/tr\/index.php?rest_route=%2Fwp%2Fv2%2Ftags&post=319777"}],"curies":[{"name":"wp","href":"https:\/\/api.w.org\/{rel}","templated":true}]}}