{"id":319785,"date":"2025-04-26T14:15:12","date_gmt":"2025-04-26T11:15:12","guid":{"rendered":"https:\/\/sana.sy\/tr\/?p=319785"},"modified":"2025-04-26T16:29:29","modified_gmt":"2025-04-26T13:29:29","slug":"guvenlik-konseyindeki-afrika-ve-arap-gruplari-suriyenin-egemenligine-ve-batinin-yaptirimlarinin-kaldirilmasi-gerekliligine-desteklerini-vurguladi","status":"publish","type":"post","link":"https:\/\/archive.sana.sy\/tr\/?p=319785","title":{"rendered":"G\u00fcvenlik Konseyi&#8217;ndeki Afrika ve Arap Gruplar\u0131, Suriye&#8217;nin Egemenli\u011fine Ve Bat\u0131&#8217;n\u0131n Yapt\u0131r\u0131mlar\u0131n\u0131n Kald\u0131r\u0131lmas\u0131 Gereklili\u011fine Desteklerini Vurgulad\u0131"},"content":{"rendered":"<p style=\"text-align: justify;\"><span style=\"color: #800000;\"><strong>NEW YORK (SANA) &#8211;<\/strong> <\/span>Cezayir ve A3+ grubunu temsil eden \u00fc\u00e7 Afrika \u00fclkesi, Suriye&#8217;nin birli\u011fi, egemenli\u011fi, ba\u011f\u0131ms\u0131zl\u0131\u011f\u0131 ve toprak b\u00fct\u00fcnl\u00fc\u011f\u00fcne olan sars\u0131lmaz desteklerini yineleyerek, \u0130srail&#8217;in Suriye topraklar\u0131na y\u00f6nelik sald\u0131r\u0131lar\u0131n\u0131 k\u0131nayarak, sald\u0131r\u0131lar\u0131n durdurulmas\u0131 \u00e7a\u011fr\u0131s\u0131nda bulundular.<\/p>\n<p style=\"text-align: justify;\">Cezayir Haber Ajans\u0131, Cezayir&#8217;in Birle\u015fmi\u015f Milletler Daimi Temsilcisi B\u00fcy\u00fckel\u00e7i Ammar Bincami d\u00fcn Suriye konulu BM G\u00fcvenlik Konseyi oturumunda A3+ grubu ad\u0131na yapt\u0131\u011f\u0131 konu\u015fmada \u015funlar\u0131 s\u00f6yledi\u011fini aktard\u0131: &#8221;Suriye&#8217;nin birli\u011fini, egemenli\u011fini ve ba\u011f\u0131ms\u0131zl\u0131\u011f\u0131n\u0131 desteklemek soyut de\u011ferlerle ilgili de\u011fil, herkesin sayg\u0131 g\u00f6stermesi gereken temel ilkelerle ilgilidir.&#8221;<\/p>\n<p style=\"text-align: justify;\">Bincami ayr\u0131ca, Afrika Grubu&#8217;nun, \u0130srail&#8217;in Suriye topraklar\u0131na y\u00f6nelik, \u00f6zellikle Birle\u015fmi\u015f Milletler \u015eart\u0131 olmak \u00fczere uluslararas\u0131 hukuku ihlal eden tekrarlanan sald\u0131r\u0131lar\u0131n\u0131 ve ihlallerini g\u00fc\u00e7l\u00fc bir \u015fekilde k\u0131nad\u0131\u011f\u0131n\u0131 belirterek, Bat\u0131&#8217;n\u0131n Suriye&#8217;ye uygulad\u0131\u011f\u0131 yapt\u0131r\u0131mlar\u0131n kald\u0131r\u0131lmas\u0131 gerekti\u011fini vurgulayarak, &#8220;Suriye&#8217;nin yeniden in\u015fas\u0131 uluslararas\u0131 toplumun deste\u011fini gerektiriyor&#8221;\u00a0 ifadelerini kulland\u0131.<\/p>\n<p style=\"text-align: justify;\">Hem Suriye halk\u0131n\u0131 hem de uluslararas\u0131 bar\u0131\u015f ve g\u00fcvenli\u011fi tehdit eden ter\u00f6rizmin geri d\u00f6nmesini \u00f6nleyecek uygun ko\u015fullar\u0131n yarat\u0131lmas\u0131n\u0131n gereklili\u011fine i\u015faret eden Bincami, Bat\u0131&#8217;n\u0131n ekonomik yapt\u0131r\u0131mlar\u0131 nedeniyle Suriyelilerin ya\u015fad\u0131\u011f\u0131 s\u0131k\u0131nt\u0131lara dikkat \u00e7ekti.<\/p>\n<p style=\"text-align: justify;\">Libya&#8217;n\u0131n BM Temsilcisi Tahir El Sunni, Arap Grubu&#8217;nu temsilen BM G\u00fcvenlik Konseyi&#8217;nde yapt\u0131\u011f\u0131 konu\u015fmada, \u00fclkesinin ve Arap Grubu&#8217;nun, Suriye&#8217;ye uygulanan yapt\u0131r\u0131mlar\u0131n derhal kald\u0131r\u0131lmas\u0131 \u00e7a\u011fr\u0131s\u0131n\u0131 yineledi.<\/p>\n<p style=\"text-align: justify;\">El Sunni ayr\u0131ca, \u0130srail&#8217;in Suriye topraklar\u0131na y\u00f6nelik sald\u0131r\u0131lar\u0131n\u0131 k\u0131nayarak, G\u00fcvenlik Konseyi&#8217;ne, \u0130srail&#8217;e Suriye&#8217;deki k\u0131\u015fk\u0131rt\u0131c\u0131 eylemlerini durdurmas\u0131 y\u00f6n\u00fcnde bask\u0131 yapmas\u0131 \u00e7a\u011fr\u0131s\u0131nda bulundu ve Suriye&#8217;nin toprak b\u00fct\u00fcnl\u00fc\u011f\u00fc ve egemenli\u011fine sayg\u0131n\u0131n taviz konusu olmad\u0131\u011f\u0131n\u0131 vurgulad\u0131.<\/p>\n<p style=\"text-align: justify;\">BM G\u00fcvenlik Konseyi Arap Grubu ise, yeni Suriye h\u00fck\u00fcmetinin kurulmas\u0131n\u0131 memnuniyetle kar\u015f\u0131lad\u0131\u011f\u0131n\u0131 ve kapsaml\u0131 ve s\u00fcrd\u00fcr\u00fclebilir bir siyasi s\u00fcrecin olu\u015fturulmas\u0131na destek verdi\u011fini belirtti.<\/p>\n","protected":false},"excerpt":{"rendered":"<p>NEW YORK (SANA) &#8211; Cezayir ve A3+ grubunu temsil eden \u00fc\u00e7 Afrika \u00fclkesi, Suriye&#8217;nin birli\u011fi, egemenli\u011fi, ba\u011f\u0131ms\u0131zl\u0131\u011f\u0131 ve toprak b\u00fct\u00fcnl\u00fc\u011f\u00fcne olan sars\u0131lmaz desteklerini yineleyerek, \u0130srail&#8217;in Suriye topraklar\u0131na y\u00f6nelik sald\u0131r\u0131lar\u0131n\u0131 k\u0131nayarak, sald\u0131r\u0131lar\u0131n durdurulmas\u0131 \u00e7a\u011fr\u0131s\u0131nda bulundular. Cezayir Haber Ajans\u0131, Cezayir&#8217;in Birle\u015fmi\u015f Milletler Daimi Temsilcisi B\u00fcy\u00fckel\u00e7i Ammar Bincami d\u00fcn Suriye konulu BM G\u00fcvenlik Konseyi oturumunda A3+ grubu ad\u0131na &hellip;<\/p>\n","protected":false},"author":44,"featured_media":319786,"comment_status":"closed","ping_status":"closed","sticky":false,"template":"","format":"standard","meta":{"footnotes":""},"categories":[458,589,459,17988],"tags":[43813,43814],"class_list":["post-319785","post","type-post","status-publish","format-standard","has-post-thumbnail","","category-dunya1","category-haber-seridi","category-haberler-arap-uluslararasi-politika","category-son-haberler","tag-guvenlik-konseyindeki-afrika-ve-arap-gruplari","tag-suriyenin-egemenligine-ve-batinin-yaptirimlarinin-kaldirilmasi-gerekliligine-desteklerini-vurguladi"],"_links":{"self":[{"href":"https:\/\/archive.sana.sy\/tr\/index.php?rest_route=\/wp\/v2\/posts\/319785","targetHints":{"allow":["GET"]}}],"collection":[{"href":"https:\/\/archive.sana.sy\/tr\/index.php?rest_route=\/wp\/v2\/posts"}],"about":[{"href":"https:\/\/archive.sana.sy\/tr\/index.php?rest_route=\/wp\/v2\/types\/post"}],"author":[{"embeddable":true,"href":"https:\/\/archive.sana.sy\/tr\/index.php?rest_route=\/wp\/v2\/users\/44"}],"replies":[{"embeddable":true,"href":"https:\/\/archive.sana.sy\/tr\/index.php?rest_route=%2Fwp%2Fv2%2Fcomments&post=319785"}],"version-history":[{"count":2,"href":"https:\/\/archive.sana.sy\/tr\/index.php?rest_route=\/wp\/v2\/posts\/319785\/revisions"}],"predecessor-version":[{"id":319790,"href":"https:\/\/archive.sana.sy\/tr\/index.php?rest_route=\/wp\/v2\/posts\/319785\/revisions\/319790"}],"wp:featuredmedia":[{"embeddable":true,"href":"https:\/\/archive.sana.sy\/tr\/index.php?rest_route=\/wp\/v2\/media\/319786"}],"wp:attachment":[{"href":"https:\/\/archive.sana.sy\/tr\/index.php?rest_route=%2Fwp%2Fv2%2Fmedia&parent=319785"}],"wp:term":[{"taxonomy":"category","embeddable":true,"href":"https:\/\/archive.sana.sy\/tr\/index.php?rest_route=%2Fwp%2Fv2%2Fcategories&post=319785"},{"taxonomy":"post_tag","embeddable":true,"href":"https:\/\/archive.sana.sy\/tr\/index.php?rest_route=%2Fwp%2Fv2%2Ftags&post=319785"}],"curies":[{"name":"wp","href":"https:\/\/api.w.org\/{rel}","templated":true}]}}