{"id":31983,"date":"2015-05-04T11:53:22","date_gmt":"2015-05-04T08:53:22","guid":{"rendered":"http:\/\/www.sana.sy\/tr\/?p=31983"},"modified":"2015-05-04T12:16:06","modified_gmt":"2015-05-04T09:16:06","slug":"%ef%bb%bf%ef%bb%bfoldurulen-masum-insanin-bir-damla-kani-milyonlarca-varil-petrol-ve-cikar-pazarlarindan-daha-degerlidir","status":"publish","type":"post","link":"https:\/\/archive.sana.sy\/tr\/?p=31983","title":{"rendered":"\ufeff\ufeff\u00d6ld\u00fcr\u00fclen Masum \u0130nsan\u0131n Bir Damla Kan\u0131, Milyonlarca Varil Petrol Ve \u00c7\u0131kar Pazarlar\u0131ndan Daha De\u011ferlidir"},"content":{"rendered":"<p>\u015eAM \u2013 \u015eehitlik ve \u015fehitlerin onuruna Antakya ve T\u00fcm Do\u011fu Rum Ortodoks patrikli\u011fi d\u00fcn ak\u015fam \u201c\u00d6ld\u00fc\u011f\u00fc G\u00fcnde Do\u011far\u201d ba\u015fl\u0131kl\u0131 m\u00fczikli ak\u015fam dinletisini \u015eam Meryemiye Kilisesinde d\u00fczenledi.<br \/>\n\u015eehit ve \u015fehitli\u011fin hikayesini anlatan dinleti, \u015fehitli\u011fin \u201csaadet ve ac\u0131y\u0131 ayn\u0131 anda s\u0131nayan\u201d bir yol oldu\u011funu belirtiyor.<\/p>\n<p>Ak\u015fam dinletisi \u015eam, ahalisi, Antakya, Homs, \u0130skenderiye ve Azizleriyle ilgili ilahi ve \u015fark\u0131lar i\u00e7erdi.<br \/>\nAntakya ve T\u00fcm Do\u011fu Rum Ortodoks Patri\u011fi X. Yuhanna Yaz\u0131c\u0131 ak\u015fam dinletisi sonunda yapt\u0131\u011f\u0131 konu\u015fmada, \u015fehidin a\u015fk\u0131n\u0131n ezeliyetini ruhuyla yazd\u0131\u011f\u0131n\u0131, y\u00fcre\u011finin kan\u0131yla y\u00fcr\u00fcd\u00fc\u011f\u00fcn\u00fc, sevdiklerinin g\u00f6zya\u015flar\u0131yla da vatan g\u00f6z\u00fc \u00fczerindeki bulan\u0131kl\u0131\u011f\u0131 sildi\u011fini s\u00f6yledi.<\/p>\n<p>Yaz\u0131c\u0131, vatan u\u011fruna \u015fehitli\u011fin eskiden oldu\u011fu gibi \u015fimdi de Suriye\u2019nin kuca\u011f\u0131nda tek bir ya\u015fam\u0131n en g\u00fczel tabiri oldu\u011funu vurgulad\u0131.<\/p>\n<p>Yaz\u0131c\u0131, bizler bu diyar\u0131n evlatlar\u0131 olarak, insanl\u0131kta, tarihte, co\u011frafya ve imanda karde\u015f oldu\u011fumuzu ifade etti.<\/p>\n<p>Patrik Yaz\u0131c\u0131, Patrik 4. \u0130lyas\u2019\u0131n s\u00f6zlerini tekrarlayarak, \u201c\u015eehitlerin kan\u0131n\u0131 i\u00e7en bu toprak, bu kan\u0131n H\u0131ristiyan veya M\u00fcsl\u00fcman oldu\u011funu sormayacakt\u0131r. Kan birdir o da hakikat kan\u0131d\u0131r. Bizler de bu vatan topraklar\u0131 u\u011fruna kan\u0131m\u0131z\u0131 feda etmeye haz\u0131r\u0131z\u201d dedi.<\/p>\n<p>Patrik Yaz\u0131c\u0131:\u201dBizler bu topra\u011f\u0131n evlatlar\u0131 olarak be\u015feriyetin zay\u0131f insanlar\u0131 olarak yarat\u0131lmad\u0131k, bu y\u00fczden buradan b\u00fct\u00fcn d\u00fcnya duysun: Kanlar\u0131m\u0131z hi\u00e7 kimsenin kan\u0131ndan daha ucuz de\u011fildir. \u00d6ld\u00fcr\u00fclen masum bir insan\u0131n bir damla kan\u0131, milyonlarca varil petrol ve \u00e7\u0131kar pazarlar\u0131ndan \u00e7ok daha de\u011ferlidir\u201d diye vurgulad\u0131.<\/p>\n<p>Ak\u015fam dinletisine, sosyal \u0130\u015fler, Turizm, \u00c7evre, Sa\u011fl\u0131k ve K\u00fclt\u00fcr Bakanlar\u0131 yan\u0131 s\u0131ra Sosyalist Arap Baas Partisi \u015eam \u00dcniversitesi \u015eube Sekreterleri, \u015eam Valisi, baz\u0131 Milletvekilleri, \u015eam Papa B\u00fcy\u00fckel\u00e7isi ile k\u00fclt\u00fcr, ekonomik, bilimsel ve kitlesel faaliyetler kat\u0131ld\u0131.<\/p>\n<div id='gallery-1' class='gallery galleryid-31983 gallery-columns-3 gallery-size-thumbnail'><figure class='gallery-item'>\n\t\t\t<div class='gallery-icon landscape'>\n\t\t\t\t<a href='https:\/\/archive.sana.sy\/tr\/wp-content\/uploads\/2015\/05\/\u015eehitlik-ve-\u015fehitlerin-onuruna-ak\u015fam-dinletisi-25.jpg'><img loading=\"lazy\" decoding=\"async\" width=\"150\" height=\"100\" src=\"https:\/\/archive.sana.sy\/tr\/wp-content\/uploads\/2015\/05\/\u015eehitlik-ve-\u015fehitlerin-onuruna-ak\u015fam-dinletisi-25-150x100.jpg\" class=\"attachment-thumbnail size-thumbnail\" alt=\"\" srcset=\"https:\/\/archive.sana.sy\/tr\/wp-content\/uploads\/2015\/05\/\u015eehitlik-ve-\u015fehitlerin-onuruna-ak\u015fam-dinletisi-25-150x100.jpg 150w, https:\/\/archive.sana.sy\/tr\/wp-content\/uploads\/2015\/05\/\u015eehitlik-ve-\u015fehitlerin-onuruna-ak\u015fam-dinletisi-25-300x200.jpg 300w, https:\/\/archive.sana.sy\/tr\/wp-content\/uploads\/2015\/05\/\u015eehitlik-ve-\u015fehitlerin-onuruna-ak\u015fam-dinletisi-25-1024x681.jpg 1024w\" sizes=\"auto, (max-width: 150px) 100vw, 150px\" \/><\/a>\n\t\t\t<\/div><\/figure><figure class='gallery-item'>\n\t\t\t<div class='gallery-icon landscape'>\n\t\t\t\t<a href='https:\/\/archive.sana.sy\/tr\/wp-content\/uploads\/2015\/05\/\u015eehitlik-ve-\u015fehitlerin-onuruna-ak\u015fam-dinletisi-24.jpg'><img loading=\"lazy\" decoding=\"async\" width=\"150\" height=\"100\" src=\"https:\/\/archive.sana.sy\/tr\/wp-content\/uploads\/2015\/05\/\u015eehitlik-ve-\u015fehitlerin-onuruna-ak\u015fam-dinletisi-24-150x100.jpg\" class=\"attachment-thumbnail size-thumbnail\" alt=\"\" srcset=\"https:\/\/archive.sana.sy\/tr\/wp-content\/uploads\/2015\/05\/\u015eehitlik-ve-\u015fehitlerin-onuruna-ak\u015fam-dinletisi-24-150x100.jpg 150w, https:\/\/archive.sana.sy\/tr\/wp-content\/uploads\/2015\/05\/\u015eehitlik-ve-\u015fehitlerin-onuruna-ak\u015fam-dinletisi-24-300x200.jpg 300w, https:\/\/archive.sana.sy\/tr\/wp-content\/uploads\/2015\/05\/\u015eehitlik-ve-\u015fehitlerin-onuruna-ak\u015fam-dinletisi-24-1024x681.jpg 1024w\" sizes=\"auto, (max-width: 150px) 100vw, 150px\" \/><\/a>\n\t\t\t<\/div><\/figure><figure class='gallery-item'>\n\t\t\t<div class='gallery-icon landscape'>\n\t\t\t\t<a href='https:\/\/archive.sana.sy\/tr\/wp-content\/uploads\/2015\/05\/\u015eehitlik-ve-\u015fehitlerin-onuruna-ak\u015fam-dinletisi-23.jpg'><img loading=\"lazy\" decoding=\"async\" width=\"150\" height=\"100\" src=\"https:\/\/archive.sana.sy\/tr\/wp-content\/uploads\/2015\/05\/\u015eehitlik-ve-\u015fehitlerin-onuruna-ak\u015fam-dinletisi-23-150x100.jpg\" class=\"attachment-thumbnail size-thumbnail\" alt=\"\" srcset=\"https:\/\/archive.sana.sy\/tr\/wp-content\/uploads\/2015\/05\/\u015eehitlik-ve-\u015fehitlerin-onuruna-ak\u015fam-dinletisi-23-150x100.jpg 150w, https:\/\/archive.sana.sy\/tr\/wp-content\/uploads\/2015\/05\/\u015eehitlik-ve-\u015fehitlerin-onuruna-ak\u015fam-dinletisi-23-300x200.jpg 300w, https:\/\/archive.sana.sy\/tr\/wp-content\/uploads\/2015\/05\/\u015eehitlik-ve-\u015fehitlerin-onuruna-ak\u015fam-dinletisi-23-1024x681.jpg 1024w\" sizes=\"auto, (max-width: 150px) 100vw, 150px\" \/><\/a>\n\t\t\t<\/div><\/figure><figure class='gallery-item'>\n\t\t\t<div class='gallery-icon landscape'>\n\t\t\t\t<a href='https:\/\/archive.sana.sy\/tr\/wp-content\/uploads\/2015\/05\/\u015eehitlik-ve-\u015fehitlerin-onuruna-ak\u015fam-dinletisi-22.jpg'><img loading=\"lazy\" decoding=\"async\" width=\"150\" height=\"100\" src=\"https:\/\/archive.sana.sy\/tr\/wp-content\/uploads\/2015\/05\/\u015eehitlik-ve-\u015fehitlerin-onuruna-ak\u015fam-dinletisi-22-150x100.jpg\" class=\"attachment-thumbnail size-thumbnail\" alt=\"\" srcset=\"https:\/\/archive.sana.sy\/tr\/wp-content\/uploads\/2015\/05\/\u015eehitlik-ve-\u015fehitlerin-onuruna-ak\u015fam-dinletisi-22-150x100.jpg 150w, https:\/\/archive.sana.sy\/tr\/wp-content\/uploads\/2015\/05\/\u015eehitlik-ve-\u015fehitlerin-onuruna-ak\u015fam-dinletisi-22-300x200.jpg 300w, https:\/\/archive.sana.sy\/tr\/wp-content\/uploads\/2015\/05\/\u015eehitlik-ve-\u015fehitlerin-onuruna-ak\u015fam-dinletisi-22-1024x681.jpg 1024w\" sizes=\"auto, (max-width: 150px) 100vw, 150px\" \/><\/a>\n\t\t\t<\/div><\/figure><figure class='gallery-item'>\n\t\t\t<div class='gallery-icon landscape'>\n\t\t\t\t<a href='https:\/\/archive.sana.sy\/tr\/wp-content\/uploads\/2015\/05\/\u015eehitlik-ve-\u015fehitlerin-onuruna-ak\u015fam-dinletisi-21.jpg'><img loading=\"lazy\" decoding=\"async\" width=\"150\" height=\"100\" src=\"https:\/\/archive.sana.sy\/tr\/wp-content\/uploads\/2015\/05\/\u015eehitlik-ve-\u015fehitlerin-onuruna-ak\u015fam-dinletisi-21-150x100.jpg\" class=\"attachment-thumbnail size-thumbnail\" alt=\"\" srcset=\"https:\/\/archive.sana.sy\/tr\/wp-content\/uploads\/2015\/05\/\u015eehitlik-ve-\u015fehitlerin-onuruna-ak\u015fam-dinletisi-21-150x100.jpg 150w, https:\/\/archive.sana.sy\/tr\/wp-content\/uploads\/2015\/05\/\u015eehitlik-ve-\u015fehitlerin-onuruna-ak\u015fam-dinletisi-21-300x200.jpg 300w, https:\/\/archive.sana.sy\/tr\/wp-content\/uploads\/2015\/05\/\u015eehitlik-ve-\u015fehitlerin-onuruna-ak\u015fam-dinletisi-21-1024x681.jpg 1024w\" sizes=\"auto, (max-width: 150px) 100vw, 150px\" \/><\/a>\n\t\t\t<\/div><\/figure><figure class='gallery-item'>\n\t\t\t<div class='gallery-icon landscape'>\n\t\t\t\t<a href='https:\/\/archive.sana.sy\/tr\/wp-content\/uploads\/2015\/05\/\u015eehitlik-ve-\u015fehitlerin-onuruna-ak\u015fam-dinletisi-20.jpg'><img loading=\"lazy\" decoding=\"async\" width=\"150\" height=\"100\" src=\"https:\/\/archive.sana.sy\/tr\/wp-content\/uploads\/2015\/05\/\u015eehitlik-ve-\u015fehitlerin-onuruna-ak\u015fam-dinletisi-20-150x100.jpg\" class=\"attachment-thumbnail size-thumbnail\" alt=\"\" srcset=\"https:\/\/archive.sana.sy\/tr\/wp-content\/uploads\/2015\/05\/\u015eehitlik-ve-\u015fehitlerin-onuruna-ak\u015fam-dinletisi-20-150x100.jpg 150w, https:\/\/archive.sana.sy\/tr\/wp-content\/uploads\/2015\/05\/\u015eehitlik-ve-\u015fehitlerin-onuruna-ak\u015fam-dinletisi-20-300x200.jpg 300w, https:\/\/archive.sana.sy\/tr\/wp-content\/uploads\/2015\/05\/\u015eehitlik-ve-\u015fehitlerin-onuruna-ak\u015fam-dinletisi-20-1024x681.jpg 1024w\" sizes=\"auto, (max-width: 150px) 100vw, 150px\" \/><\/a>\n\t\t\t<\/div><\/figure><figure class='gallery-item'>\n\t\t\t<div class='gallery-icon landscape'>\n\t\t\t\t<a href='https:\/\/archive.sana.sy\/tr\/wp-content\/uploads\/2015\/05\/\u015eehitlik-ve-\u015fehitlerin-onuruna-ak\u015fam-dinletisi-19.jpg'><img loading=\"lazy\" decoding=\"async\" width=\"150\" height=\"100\" src=\"https:\/\/archive.sana.sy\/tr\/wp-content\/uploads\/2015\/05\/\u015eehitlik-ve-\u015fehitlerin-onuruna-ak\u015fam-dinletisi-19-150x100.jpg\" class=\"attachment-thumbnail size-thumbnail\" alt=\"\" srcset=\"https:\/\/archive.sana.sy\/tr\/wp-content\/uploads\/2015\/05\/\u015eehitlik-ve-\u015fehitlerin-onuruna-ak\u015fam-dinletisi-19-150x100.jpg 150w, https:\/\/archive.sana.sy\/tr\/wp-content\/uploads\/2015\/05\/\u015eehitlik-ve-\u015fehitlerin-onuruna-ak\u015fam-dinletisi-19-300x200.jpg 300w, https:\/\/archive.sana.sy\/tr\/wp-content\/uploads\/2015\/05\/\u015eehitlik-ve-\u015fehitlerin-onuruna-ak\u015fam-dinletisi-19-1024x681.jpg 1024w\" sizes=\"auto, (max-width: 150px) 100vw, 150px\" \/><\/a>\n\t\t\t<\/div><\/figure><figure class='gallery-item'>\n\t\t\t<div class='gallery-icon landscape'>\n\t\t\t\t<a href='https:\/\/archive.sana.sy\/tr\/wp-content\/uploads\/2015\/05\/\u015eehitlik-ve-\u015fehitlerin-onuruna-ak\u015fam-dinletisi-18.jpg'><img loading=\"lazy\" decoding=\"async\" width=\"150\" height=\"100\" src=\"https:\/\/archive.sana.sy\/tr\/wp-content\/uploads\/2015\/05\/\u015eehitlik-ve-\u015fehitlerin-onuruna-ak\u015fam-dinletisi-18-150x100.jpg\" class=\"attachment-thumbnail size-thumbnail\" alt=\"\" srcset=\"https:\/\/archive.sana.sy\/tr\/wp-content\/uploads\/2015\/05\/\u015eehitlik-ve-\u015fehitlerin-onuruna-ak\u015fam-dinletisi-18-150x100.jpg 150w, https:\/\/archive.sana.sy\/tr\/wp-content\/uploads\/2015\/05\/\u015eehitlik-ve-\u015fehitlerin-onuruna-ak\u015fam-dinletisi-18-300x199.jpg 300w, https:\/\/archive.sana.sy\/tr\/wp-content\/uploads\/2015\/05\/\u015eehitlik-ve-\u015fehitlerin-onuruna-ak\u015fam-dinletisi-18-1024x680.jpg 1024w\" sizes=\"auto, (max-width: 150px) 100vw, 150px\" \/><\/a>\n\t\t\t<\/div><\/figure><figure class='gallery-item'>\n\t\t\t<div class='gallery-icon landscape'>\n\t\t\t\t<a href='https:\/\/archive.sana.sy\/tr\/wp-content\/uploads\/2015\/05\/\u015eehitlik-ve-\u015fehitlerin-onuruna-ak\u015fam-dinletisi-17.jpg'><img loading=\"lazy\" decoding=\"async\" width=\"150\" height=\"100\" src=\"https:\/\/archive.sana.sy\/tr\/wp-content\/uploads\/2015\/05\/\u015eehitlik-ve-\u015fehitlerin-onuruna-ak\u015fam-dinletisi-17-150x100.jpg\" class=\"attachment-thumbnail size-thumbnail\" alt=\"\" srcset=\"https:\/\/archive.sana.sy\/tr\/wp-content\/uploads\/2015\/05\/\u015eehitlik-ve-\u015fehitlerin-onuruna-ak\u015fam-dinletisi-17-150x100.jpg 150w, https:\/\/archive.sana.sy\/tr\/wp-content\/uploads\/2015\/05\/\u015eehitlik-ve-\u015fehitlerin-onuruna-ak\u015fam-dinletisi-17-300x200.jpg 300w, https:\/\/archive.sana.sy\/tr\/wp-content\/uploads\/2015\/05\/\u015eehitlik-ve-\u015fehitlerin-onuruna-ak\u015fam-dinletisi-17-1024x681.jpg 1024w\" sizes=\"auto, (max-width: 150px) 100vw, 150px\" \/><\/a>\n\t\t\t<\/div><\/figure><figure class='gallery-item'>\n\t\t\t<div class='gallery-icon landscape'>\n\t\t\t\t<a href='https:\/\/archive.sana.sy\/tr\/wp-content\/uploads\/2015\/05\/\u015eehitlik-ve-\u015fehitlerin-onuruna-ak\u015fam-dinletisi-14.jpg'><img loading=\"lazy\" decoding=\"async\" width=\"150\" height=\"100\" src=\"https:\/\/archive.sana.sy\/tr\/wp-content\/uploads\/2015\/05\/\u015eehitlik-ve-\u015fehitlerin-onuruna-ak\u015fam-dinletisi-14-150x100.jpg\" class=\"attachment-thumbnail size-thumbnail\" alt=\"\" srcset=\"https:\/\/archive.sana.sy\/tr\/wp-content\/uploads\/2015\/05\/\u015eehitlik-ve-\u015fehitlerin-onuruna-ak\u015fam-dinletisi-14-150x100.jpg 150w, https:\/\/archive.sana.sy\/tr\/wp-content\/uploads\/2015\/05\/\u015eehitlik-ve-\u015fehitlerin-onuruna-ak\u015fam-dinletisi-14-300x200.jpg 300w, https:\/\/archive.sana.sy\/tr\/wp-content\/uploads\/2015\/05\/\u015eehitlik-ve-\u015fehitlerin-onuruna-ak\u015fam-dinletisi-14-1024x681.jpg 1024w\" sizes=\"auto, (max-width: 150px) 100vw, 150px\" \/><\/a>\n\t\t\t<\/div><\/figure><figure class='gallery-item'>\n\t\t\t<div class='gallery-icon landscape'>\n\t\t\t\t<a href='https:\/\/archive.sana.sy\/tr\/wp-content\/uploads\/2015\/05\/\u015eehitlik-ve-\u015fehitlerin-onuruna-ak\u015fam-dinletisi-13.jpg'><img loading=\"lazy\" decoding=\"async\" width=\"150\" height=\"100\" src=\"https:\/\/archive.sana.sy\/tr\/wp-content\/uploads\/2015\/05\/\u015eehitlik-ve-\u015fehitlerin-onuruna-ak\u015fam-dinletisi-13-150x100.jpg\" class=\"attachment-thumbnail size-thumbnail\" alt=\"\" srcset=\"https:\/\/archive.sana.sy\/tr\/wp-content\/uploads\/2015\/05\/\u015eehitlik-ve-\u015fehitlerin-onuruna-ak\u015fam-dinletisi-13-150x100.jpg 150w, https:\/\/archive.sana.sy\/tr\/wp-content\/uploads\/2015\/05\/\u015eehitlik-ve-\u015fehitlerin-onuruna-ak\u015fam-dinletisi-13-300x200.jpg 300w, https:\/\/archive.sana.sy\/tr\/wp-content\/uploads\/2015\/05\/\u015eehitlik-ve-\u015fehitlerin-onuruna-ak\u015fam-dinletisi-13-1024x681.jpg 1024w\" sizes=\"auto, (max-width: 150px) 100vw, 150px\" \/><\/a>\n\t\t\t<\/div><\/figure><figure class='gallery-item'>\n\t\t\t<div class='gallery-icon landscape'>\n\t\t\t\t<a href='https:\/\/archive.sana.sy\/tr\/wp-content\/uploads\/2015\/05\/\u015eehitlik-ve-\u015fehitlerin-onuruna-ak\u015fam-dinletisi-12.jpg'><img loading=\"lazy\" decoding=\"async\" width=\"150\" height=\"100\" src=\"https:\/\/archive.sana.sy\/tr\/wp-content\/uploads\/2015\/05\/\u015eehitlik-ve-\u015fehitlerin-onuruna-ak\u015fam-dinletisi-12-150x100.jpg\" class=\"attachment-thumbnail size-thumbnail\" alt=\"\" srcset=\"https:\/\/archive.sana.sy\/tr\/wp-content\/uploads\/2015\/05\/\u015eehitlik-ve-\u015fehitlerin-onuruna-ak\u015fam-dinletisi-12-150x100.jpg 150w, https:\/\/archive.sana.sy\/tr\/wp-content\/uploads\/2015\/05\/\u015eehitlik-ve-\u015fehitlerin-onuruna-ak\u015fam-dinletisi-12-300x200.jpg 300w, https:\/\/archive.sana.sy\/tr\/wp-content\/uploads\/2015\/05\/\u015eehitlik-ve-\u015fehitlerin-onuruna-ak\u015fam-dinletisi-12-1024x681.jpg 1024w\" sizes=\"auto, (max-width: 150px) 100vw, 150px\" \/><\/a>\n\t\t\t<\/div><\/figure><figure class='gallery-item'>\n\t\t\t<div class='gallery-icon landscape'>\n\t\t\t\t<a href='https:\/\/archive.sana.sy\/tr\/wp-content\/uploads\/2015\/05\/\u015eehitlik-ve-\u015fehitlerin-onuruna-ak\u015fam-dinletisi-11.jpg'><img loading=\"lazy\" decoding=\"async\" width=\"150\" height=\"100\" src=\"https:\/\/archive.sana.sy\/tr\/wp-content\/uploads\/2015\/05\/\u015eehitlik-ve-\u015fehitlerin-onuruna-ak\u015fam-dinletisi-11-150x100.jpg\" class=\"attachment-thumbnail size-thumbnail\" alt=\"\" srcset=\"https:\/\/archive.sana.sy\/tr\/wp-content\/uploads\/2015\/05\/\u015eehitlik-ve-\u015fehitlerin-onuruna-ak\u015fam-dinletisi-11-150x100.jpg 150w, https:\/\/archive.sana.sy\/tr\/wp-content\/uploads\/2015\/05\/\u015eehitlik-ve-\u015fehitlerin-onuruna-ak\u015fam-dinletisi-11-300x200.jpg 300w, https:\/\/archive.sana.sy\/tr\/wp-content\/uploads\/2015\/05\/\u015eehitlik-ve-\u015fehitlerin-onuruna-ak\u015fam-dinletisi-11-1024x681.jpg 1024w\" sizes=\"auto, (max-width: 150px) 100vw, 150px\" \/><\/a>\n\t\t\t<\/div><\/figure><figure class='gallery-item'>\n\t\t\t<div class='gallery-icon landscape'>\n\t\t\t\t<a href='https:\/\/archive.sana.sy\/tr\/wp-content\/uploads\/2015\/05\/\u015eehitlik-ve-\u015fehitlerin-onuruna-ak\u015fam-dinletisi-10.jpg'><img loading=\"lazy\" decoding=\"async\" width=\"150\" height=\"100\" src=\"https:\/\/archive.sana.sy\/tr\/wp-content\/uploads\/2015\/05\/\u015eehitlik-ve-\u015fehitlerin-onuruna-ak\u015fam-dinletisi-10-150x100.jpg\" class=\"attachment-thumbnail size-thumbnail\" alt=\"\" srcset=\"https:\/\/archive.sana.sy\/tr\/wp-content\/uploads\/2015\/05\/\u015eehitlik-ve-\u015fehitlerin-onuruna-ak\u015fam-dinletisi-10-150x100.jpg 150w, https:\/\/archive.sana.sy\/tr\/wp-content\/uploads\/2015\/05\/\u015eehitlik-ve-\u015fehitlerin-onuruna-ak\u015fam-dinletisi-10-300x200.jpg 300w, https:\/\/archive.sana.sy\/tr\/wp-content\/uploads\/2015\/05\/\u015eehitlik-ve-\u015fehitlerin-onuruna-ak\u015fam-dinletisi-10-1024x681.jpg 1024w\" sizes=\"auto, (max-width: 150px) 100vw, 150px\" \/><\/a>\n\t\t\t<\/div><\/figure><figure class='gallery-item'>\n\t\t\t<div class='gallery-icon landscape'>\n\t\t\t\t<a href='https:\/\/archive.sana.sy\/tr\/wp-content\/uploads\/2015\/05\/\u015eehitlik-ve-\u015fehitlerin-onuruna-ak\u015fam-dinletisi-9.jpg'><img loading=\"lazy\" decoding=\"async\" width=\"150\" height=\"100\" src=\"https:\/\/archive.sana.sy\/tr\/wp-content\/uploads\/2015\/05\/\u015eehitlik-ve-\u015fehitlerin-onuruna-ak\u015fam-dinletisi-9-150x100.jpg\" class=\"attachment-thumbnail size-thumbnail\" alt=\"\" srcset=\"https:\/\/archive.sana.sy\/tr\/wp-content\/uploads\/2015\/05\/\u015eehitlik-ve-\u015fehitlerin-onuruna-ak\u015fam-dinletisi-9-150x100.jpg 150w, https:\/\/archive.sana.sy\/tr\/wp-content\/uploads\/2015\/05\/\u015eehitlik-ve-\u015fehitlerin-onuruna-ak\u015fam-dinletisi-9-300x200.jpg 300w, https:\/\/archive.sana.sy\/tr\/wp-content\/uploads\/2015\/05\/\u015eehitlik-ve-\u015fehitlerin-onuruna-ak\u015fam-dinletisi-9-1024x681.jpg 1024w\" sizes=\"auto, (max-width: 150px) 100vw, 150px\" \/><\/a>\n\t\t\t<\/div><\/figure><figure class='gallery-item'>\n\t\t\t<div class='gallery-icon landscape'>\n\t\t\t\t<a href='https:\/\/archive.sana.sy\/tr\/wp-content\/uploads\/2015\/05\/\u015eehitlik-ve-\u015fehitlerin-onuruna-ak\u015fam-dinletisi-7.jpg'><img loading=\"lazy\" decoding=\"async\" width=\"150\" height=\"100\" src=\"https:\/\/archive.sana.sy\/tr\/wp-content\/uploads\/2015\/05\/\u015eehitlik-ve-\u015fehitlerin-onuruna-ak\u015fam-dinletisi-7-150x100.jpg\" class=\"attachment-thumbnail size-thumbnail\" alt=\"\" srcset=\"https:\/\/archive.sana.sy\/tr\/wp-content\/uploads\/2015\/05\/\u015eehitlik-ve-\u015fehitlerin-onuruna-ak\u015fam-dinletisi-7-150x100.jpg 150w, https:\/\/archive.sana.sy\/tr\/wp-content\/uploads\/2015\/05\/\u015eehitlik-ve-\u015fehitlerin-onuruna-ak\u015fam-dinletisi-7-300x200.jpg 300w, https:\/\/archive.sana.sy\/tr\/wp-content\/uploads\/2015\/05\/\u015eehitlik-ve-\u015fehitlerin-onuruna-ak\u015fam-dinletisi-7-1024x681.jpg 1024w\" sizes=\"auto, (max-width: 150px) 100vw, 150px\" \/><\/a>\n\t\t\t<\/div><\/figure><figure class='gallery-item'>\n\t\t\t<div class='gallery-icon landscape'>\n\t\t\t\t<a href='https:\/\/archive.sana.sy\/tr\/wp-content\/uploads\/2015\/05\/\u015eehitlik-ve-\u015fehitlerin-onuruna-ak\u015fam-dinletisi-6.jpg'><img loading=\"lazy\" decoding=\"async\" width=\"150\" height=\"100\" src=\"https:\/\/archive.sana.sy\/tr\/wp-content\/uploads\/2015\/05\/\u015eehitlik-ve-\u015fehitlerin-onuruna-ak\u015fam-dinletisi-6-150x100.jpg\" class=\"attachment-thumbnail size-thumbnail\" alt=\"\" srcset=\"https:\/\/archive.sana.sy\/tr\/wp-content\/uploads\/2015\/05\/\u015eehitlik-ve-\u015fehitlerin-onuruna-ak\u015fam-dinletisi-6-150x100.jpg 150w, https:\/\/archive.sana.sy\/tr\/wp-content\/uploads\/2015\/05\/\u015eehitlik-ve-\u015fehitlerin-onuruna-ak\u015fam-dinletisi-6-300x200.jpg 300w, https:\/\/archive.sana.sy\/tr\/wp-content\/uploads\/2015\/05\/\u015eehitlik-ve-\u015fehitlerin-onuruna-ak\u015fam-dinletisi-6-1024x681.jpg 1024w\" sizes=\"auto, (max-width: 150px) 100vw, 150px\" \/><\/a>\n\t\t\t<\/div><\/figure><figure class='gallery-item'>\n\t\t\t<div class='gallery-icon landscape'>\n\t\t\t\t<a href='https:\/\/archive.sana.sy\/tr\/wp-content\/uploads\/2015\/05\/\u015eehitlik-ve-\u015fehitlerin-onuruna-ak\u015fam-dinletisi-5.jpg'><img loading=\"lazy\" decoding=\"async\" width=\"150\" height=\"100\" src=\"https:\/\/archive.sana.sy\/tr\/wp-content\/uploads\/2015\/05\/\u015eehitlik-ve-\u015fehitlerin-onuruna-ak\u015fam-dinletisi-5-150x100.jpg\" class=\"attachment-thumbnail size-thumbnail\" alt=\"\" srcset=\"https:\/\/archive.sana.sy\/tr\/wp-content\/uploads\/2015\/05\/\u015eehitlik-ve-\u015fehitlerin-onuruna-ak\u015fam-dinletisi-5-150x100.jpg 150w, https:\/\/archive.sana.sy\/tr\/wp-content\/uploads\/2015\/05\/\u015eehitlik-ve-\u015fehitlerin-onuruna-ak\u015fam-dinletisi-5-300x200.jpg 300w, https:\/\/archive.sana.sy\/tr\/wp-content\/uploads\/2015\/05\/\u015eehitlik-ve-\u015fehitlerin-onuruna-ak\u015fam-dinletisi-5-1024x681.jpg 1024w\" sizes=\"auto, (max-width: 150px) 100vw, 150px\" \/><\/a>\n\t\t\t<\/div><\/figure><figure class='gallery-item'>\n\t\t\t<div class='gallery-icon portrait'>\n\t\t\t\t<a href='https:\/\/archive.sana.sy\/tr\/wp-content\/uploads\/2015\/05\/\u015eehitlik-ve-\u015fehitlerin-onuruna-ak\u015fam-dinletisi-3.jpg'><img loading=\"lazy\" decoding=\"async\" width=\"100\" height=\"150\" src=\"https:\/\/archive.sana.sy\/tr\/wp-content\/uploads\/2015\/05\/\u015eehitlik-ve-\u015fehitlerin-onuruna-ak\u015fam-dinletisi-3-100x150.jpg\" class=\"attachment-thumbnail size-thumbnail\" alt=\"\" srcset=\"https:\/\/archive.sana.sy\/tr\/wp-content\/uploads\/2015\/05\/\u015eehitlik-ve-\u015fehitlerin-onuruna-ak\u015fam-dinletisi-3-100x150.jpg 100w, https:\/\/archive.sana.sy\/tr\/wp-content\/uploads\/2015\/05\/\u015eehitlik-ve-\u015fehitlerin-onuruna-ak\u015fam-dinletisi-3-200x300.jpg 200w, https:\/\/archive.sana.sy\/tr\/wp-content\/uploads\/2015\/05\/\u015eehitlik-ve-\u015fehitlerin-onuruna-ak\u015fam-dinletisi-3-681x1024.jpg 681w\" sizes=\"auto, (max-width: 100px) 100vw, 100px\" \/><\/a>\n\t\t\t<\/div><\/figure><figure class='gallery-item'>\n\t\t\t<div class='gallery-icon portrait'>\n\t\t\t\t<a href='https:\/\/archive.sana.sy\/tr\/wp-content\/uploads\/2015\/05\/\u015eehitlik-ve-\u015fehitlerin-onuruna-ak\u015fam-dinletisi-2.jpg'><img loading=\"lazy\" decoding=\"async\" width=\"100\" height=\"150\" src=\"https:\/\/archive.sana.sy\/tr\/wp-content\/uploads\/2015\/05\/\u015eehitlik-ve-\u015fehitlerin-onuruna-ak\u015fam-dinletisi-2-100x150.jpg\" class=\"attachment-thumbnail size-thumbnail\" alt=\"\" srcset=\"https:\/\/archive.sana.sy\/tr\/wp-content\/uploads\/2015\/05\/\u015eehitlik-ve-\u015fehitlerin-onuruna-ak\u015fam-dinletisi-2-100x150.jpg 100w, https:\/\/archive.sana.sy\/tr\/wp-content\/uploads\/2015\/05\/\u015eehitlik-ve-\u015fehitlerin-onuruna-ak\u015fam-dinletisi-2-200x300.jpg 200w, https:\/\/archive.sana.sy\/tr\/wp-content\/uploads\/2015\/05\/\u015eehitlik-ve-\u015fehitlerin-onuruna-ak\u015fam-dinletisi-2-681x1024.jpg 681w\" sizes=\"auto, (max-width: 100px) 100vw, 100px\" \/><\/a>\n\t\t\t<\/div><\/figure><figure class='gallery-item'>\n\t\t\t<div class='gallery-icon landscape'>\n\t\t\t\t<a href='https:\/\/archive.sana.sy\/tr\/wp-content\/uploads\/2015\/05\/\u015eehitlik-ve-\u015fehitlerin-onuruna-ak\u015fam-dinletisi-1.jpg'><img loading=\"lazy\" decoding=\"async\" width=\"150\" height=\"100\" src=\"https:\/\/archive.sana.sy\/tr\/wp-content\/uploads\/2015\/05\/\u015eehitlik-ve-\u015fehitlerin-onuruna-ak\u015fam-dinletisi-1-150x100.jpg\" class=\"attachment-thumbnail size-thumbnail\" alt=\"\" srcset=\"https:\/\/archive.sana.sy\/tr\/wp-content\/uploads\/2015\/05\/\u015eehitlik-ve-\u015fehitlerin-onuruna-ak\u015fam-dinletisi-1-150x100.jpg 150w, https:\/\/archive.sana.sy\/tr\/wp-content\/uploads\/2015\/05\/\u015eehitlik-ve-\u015fehitlerin-onuruna-ak\u015fam-dinletisi-1-300x200.jpg 300w, https:\/\/archive.sana.sy\/tr\/wp-content\/uploads\/2015\/05\/\u015eehitlik-ve-\u015fehitlerin-onuruna-ak\u015fam-dinletisi-1-1024x681.jpg 1024w\" sizes=\"auto, (max-width: 150px) 100vw, 150px\" \/><\/a>\n\t\t\t<\/div><\/figure>\n\t\t<\/div>\n\n<p>S.\u015e<\/p>\n","protected":false},"excerpt":{"rendered":"<p>\u015eAM \u2013 \u015eehitlik ve \u015fehitlerin onuruna Antakya ve T\u00fcm Do\u011fu Rum Ortodoks patrikli\u011fi d\u00fcn ak\u015fam \u201c\u00d6ld\u00fc\u011f\u00fc G\u00fcnde Do\u011far\u201d ba\u015fl\u0131kl\u0131 m\u00fczikli ak\u015fam dinletisini \u015eam Meryemiye Kilisesinde d\u00fczenledi. \u015eehit ve \u015fehitli\u011fin hikayesini anlatan dinleti, \u015fehitli\u011fin \u201csaadet ve ac\u0131y\u0131 ayn\u0131 anda s\u0131nayan\u201d bir yol oldu\u011funu belirtiyor. Ak\u015fam dinletisi \u015eam, ahalisi, Antakya, Homs, \u0130skenderiye ve Azizleriyle ilgili ilahi ve &hellip;<\/p>\n","protected":false},"author":1,"featured_media":31984,"comment_status":"closed","ping_status":"closed","sticky":false,"template":"","format":"standard","meta":{"footnotes":""},"categories":[596,479,447,2554,478],"tags":[14262,14261],"class_list":["post-31983","post","type-post","status-publish","format-standard","has-post-thumbnail","","category-fotografli-raporlar","category-haberler-yerel","category-politika","category-suriye-ve-dunya","category-yerel","tag-milyonlarca-varil-petrol-ve-cikar-pazarlarindan-daha-degerlidir","tag-oldurulen-masum-insanin-bir-damla-kani"],"_links":{"self":[{"href":"https:\/\/archive.sana.sy\/tr\/index.php?rest_route=\/wp\/v2\/posts\/31983","targetHints":{"allow":["GET"]}}],"collection":[{"href":"https:\/\/archive.sana.sy\/tr\/index.php?rest_route=\/wp\/v2\/posts"}],"about":[{"href":"https:\/\/archive.sana.sy\/tr\/index.php?rest_route=\/wp\/v2\/types\/post"}],"author":[{"embeddable":true,"href":"https:\/\/archive.sana.sy\/tr\/index.php?rest_route=\/wp\/v2\/users\/1"}],"replies":[{"embeddable":true,"href":"https:\/\/archive.sana.sy\/tr\/index.php?rest_route=%2Fwp%2Fv2%2Fcomments&post=31983"}],"version-history":[{"count":0,"href":"https:\/\/archive.sana.sy\/tr\/index.php?rest_route=\/wp\/v2\/posts\/31983\/revisions"}],"wp:featuredmedia":[{"embeddable":true,"href":"https:\/\/archive.sana.sy\/tr\/index.php?rest_route=\/wp\/v2\/media\/31984"}],"wp:attachment":[{"href":"https:\/\/archive.sana.sy\/tr\/index.php?rest_route=%2Fwp%2Fv2%2Fmedia&parent=31983"}],"wp:term":[{"taxonomy":"category","embeddable":true,"href":"https:\/\/archive.sana.sy\/tr\/index.php?rest_route=%2Fwp%2Fv2%2Fcategories&post=31983"},{"taxonomy":"post_tag","embeddable":true,"href":"https:\/\/archive.sana.sy\/tr\/index.php?rest_route=%2Fwp%2Fv2%2Ftags&post=31983"}],"curies":[{"name":"wp","href":"https:\/\/api.w.org\/{rel}","templated":true}]}}