{"id":319834,"date":"2025-04-27T11:36:46","date_gmt":"2025-04-27T08:36:46","guid":{"rendered":"https:\/\/sana.sy\/tr\/?p=319834"},"modified":"2025-04-27T11:36:46","modified_gmt":"2025-04-27T08:36:46","slug":"yeni-bir-konvoy-tehcir-sayfasini-kapatiyor-50-araclik-konvoy-aileleri-kuzeydeki-kamplardan-hama-kirsalindaki-koy-ve-kasabalarina-tasiyor","status":"publish","type":"post","link":"https:\/\/archive.sana.sy\/tr\/?p=319834","title":{"rendered":"Yeni Bir Konvoy, Tehcir Sayfas\u0131n\u0131 Kapat\u0131yor&#8230; 50 Ara\u00e7l\u0131k Konvoy, Aileleri Kuzeydeki Kamplardan Hama K\u0131rsal\u0131ndaki K\u00f6y Ve Kasabalar\u0131na Ta\u015f\u0131yor"},"content":{"rendered":"<p>Yeni Bir Konvoy, Tehcir Sayfas\u0131n\u0131 Kapat\u0131yor&#8230; 50 Ara\u00e7l\u0131k Konvoy, Aileleri Kuzeydeki Kamplardan Hama K\u0131rsal\u0131ndaki K\u00f6y Ve Kasabalar\u0131na Ta\u015f\u0131yor<\/p>\n<div id='gallery-1' class='gallery galleryid-319834 gallery-columns-1 gallery-size-full'><figure class='gallery-item'>\n\t\t\t<div class='gallery-icon landscape'>\n\t\t\t\t<a href='https:\/\/archive.sana.sy\/tr\/wp-content\/uploads\/2025\/04\/photo_2025-04-27_11-27-53.jpg'><img loading=\"lazy\" decoding=\"async\" width=\"1160\" height=\"843\" src=\"https:\/\/archive.sana.sy\/tr\/wp-content\/uploads\/2025\/04\/photo_2025-04-27_11-27-53.jpg\" class=\"attachment-full size-full\" alt=\"\" srcset=\"https:\/\/archive.sana.sy\/tr\/wp-content\/uploads\/2025\/04\/photo_2025-04-27_11-27-53.jpg 1160w, https:\/\/archive.sana.sy\/tr\/wp-content\/uploads\/2025\/04\/photo_2025-04-27_11-27-53-300x218.jpg 300w, https:\/\/archive.sana.sy\/tr\/wp-content\/uploads\/2025\/04\/photo_2025-04-27_11-27-53-1024x744.jpg 1024w, https:\/\/archive.sana.sy\/tr\/wp-content\/uploads\/2025\/04\/photo_2025-04-27_11-27-53-768x558.jpg 768w\" sizes=\"auto, (max-width: 1160px) 100vw, 1160px\" \/><\/a>\n\t\t\t<\/div><\/figure><figure class='gallery-item'>\n\t\t\t<div class='gallery-icon landscape'>\n\t\t\t\t<a href='https:\/\/archive.sana.sy\/tr\/wp-content\/uploads\/2025\/04\/photo_2025-04-27_11-28-00.jpg'><img loading=\"lazy\" decoding=\"async\" width=\"1244\" height=\"879\" src=\"https:\/\/archive.sana.sy\/tr\/wp-content\/uploads\/2025\/04\/photo_2025-04-27_11-28-00.jpg\" class=\"attachment-full size-full\" alt=\"\" srcset=\"https:\/\/archive.sana.sy\/tr\/wp-content\/uploads\/2025\/04\/photo_2025-04-27_11-28-00.jpg 1244w, https:\/\/archive.sana.sy\/tr\/wp-content\/uploads\/2025\/04\/photo_2025-04-27_11-28-00-300x212.jpg 300w, https:\/\/archive.sana.sy\/tr\/wp-content\/uploads\/2025\/04\/photo_2025-04-27_11-28-00-1024x724.jpg 1024w, https:\/\/archive.sana.sy\/tr\/wp-content\/uploads\/2025\/04\/photo_2025-04-27_11-28-00-768x543.jpg 768w\" sizes=\"auto, (max-width: 1244px) 100vw, 1244px\" \/><\/a>\n\t\t\t<\/div><\/figure><figure class='gallery-item'>\n\t\t\t<div class='gallery-icon landscape'>\n\t\t\t\t<a href='https:\/\/archive.sana.sy\/tr\/wp-content\/uploads\/2025\/04\/photo_2025-04-27_11-28-02.jpg'><img loading=\"lazy\" decoding=\"async\" width=\"1192\" height=\"880\" src=\"https:\/\/archive.sana.sy\/tr\/wp-content\/uploads\/2025\/04\/photo_2025-04-27_11-28-02.jpg\" class=\"attachment-full size-full\" alt=\"\" srcset=\"https:\/\/archive.sana.sy\/tr\/wp-content\/uploads\/2025\/04\/photo_2025-04-27_11-28-02.jpg 1192w, https:\/\/archive.sana.sy\/tr\/wp-content\/uploads\/2025\/04\/photo_2025-04-27_11-28-02-300x221.jpg 300w, https:\/\/archive.sana.sy\/tr\/wp-content\/uploads\/2025\/04\/photo_2025-04-27_11-28-02-1024x756.jpg 1024w, https:\/\/archive.sana.sy\/tr\/wp-content\/uploads\/2025\/04\/photo_2025-04-27_11-28-02-768x567.jpg 768w\" sizes=\"auto, (max-width: 1192px) 100vw, 1192px\" \/><\/a>\n\t\t\t<\/div><\/figure>\n\t\t<\/div>\n\n","protected":false},"excerpt":{"rendered":"<p>Yeni Bir Konvoy, Tehcir Sayfas\u0131n\u0131 Kapat\u0131yor&#8230; 50 Ara\u00e7l\u0131k Konvoy, Aileleri Kuzeydeki Kamplardan Hama K\u0131rsal\u0131ndaki K\u00f6y Ve Kasabalar\u0131na Ta\u015f\u0131yor<\/p>\n","protected":false},"author":39,"featured_media":319838,"comment_status":"closed","ping_status":"closed","sticky":false,"template":"","format":"standard","meta":{"footnotes":""},"categories":[596],"tags":[],"class_list":["post-319834","post","type-post","status-publish","format-standard","has-post-thumbnail","","category-fotografli-raporlar"],"_links":{"self":[{"href":"https:\/\/archive.sana.sy\/tr\/index.php?rest_route=\/wp\/v2\/posts\/319834","targetHints":{"allow":["GET"]}}],"collection":[{"href":"https:\/\/archive.sana.sy\/tr\/index.php?rest_route=\/wp\/v2\/posts"}],"about":[{"href":"https:\/\/archive.sana.sy\/tr\/index.php?rest_route=\/wp\/v2\/types\/post"}],"author":[{"embeddable":true,"href":"https:\/\/archive.sana.sy\/tr\/index.php?rest_route=\/wp\/v2\/users\/39"}],"replies":[{"embeddable":true,"href":"https:\/\/archive.sana.sy\/tr\/index.php?rest_route=%2Fwp%2Fv2%2Fcomments&post=319834"}],"version-history":[{"count":1,"href":"https:\/\/archive.sana.sy\/tr\/index.php?rest_route=\/wp\/v2\/posts\/319834\/revisions"}],"predecessor-version":[{"id":319839,"href":"https:\/\/archive.sana.sy\/tr\/index.php?rest_route=\/wp\/v2\/posts\/319834\/revisions\/319839"}],"wp:featuredmedia":[{"embeddable":true,"href":"https:\/\/archive.sana.sy\/tr\/index.php?rest_route=\/wp\/v2\/media\/319838"}],"wp:attachment":[{"href":"https:\/\/archive.sana.sy\/tr\/index.php?rest_route=%2Fwp%2Fv2%2Fmedia&parent=319834"}],"wp:term":[{"taxonomy":"category","embeddable":true,"href":"https:\/\/archive.sana.sy\/tr\/index.php?rest_route=%2Fwp%2Fv2%2Fcategories&post=319834"},{"taxonomy":"post_tag","embeddable":true,"href":"https:\/\/archive.sana.sy\/tr\/index.php?rest_route=%2Fwp%2Fv2%2Ftags&post=319834"}],"curies":[{"name":"wp","href":"https:\/\/api.w.org\/{rel}","templated":true}]}}