{"id":3201,"date":"2014-06-16T10:40:28","date_gmt":"2014-06-16T07:40:28","guid":{"rendered":"http:\/\/sanasyria.org\/tr\/?p=3201"},"modified":"2014-06-18T12:20:55","modified_gmt":"2014-06-18T09:20:55","slug":"halaki-hukumet-hizmet-ve-yasam-kosullarini-ayrintili-bir-sekilde-takip-ediyor","status":"publish","type":"post","link":"https:\/\/archive.sana.sy\/tr\/?p=3201","title":{"rendered":"Halaki: H\u00fck\u00fcmet Hizmet ve Ya\u015fam Ko\u015fullar\u0131n\u0131 Ayr\u0131nt\u0131l\u0131 Bir \u015eekilde Takip Ediyor"},"content":{"rendered":"<p><span style=\"color: #800000\">\u015eAM \u2013<\/span> Ba\u015fbakan Vail el Halaki d\u00fcn Deyrezzor Ulusal Uzla\u015fma Komisyonunu temsil eden bir heyetle bir araya geldi.<\/p>\n<p>H\u00fck\u00fcmetin b\u00fct\u00fcn illerde hizmet, ya\u015fam ko\u015fullar\u0131 ve geli\u015fmeleri ayr\u0131nt\u0131l\u0131 bir \u015fekilde takip etmeyi s\u00fcrd\u00fcrd\u00fc\u011f\u00fcne i\u015faret ederek; \u00a0ter\u00f6r olaylar\u0131 nedeniyle zarar g\u00f6ren b\u00f6lgelerin onar\u0131m ve yeniden hizmete ba\u015flamas\u0131 \u00e7al\u0131\u015fmalar\u0131na b\u00fcy\u00fck bir \u00f6nem verildi\u011fini belirtti.<\/p>\n<p>Halk\u0131n b\u00fct\u00fcn kesimlerinin yeniden in\u015fa s\u00fcrecinde i\u015fbirli\u011fi sa\u011flad\u0131\u011f\u0131na de\u011finen Halaki; \u00fclke topraklar\u0131nda g\u00fcvenlik ve istikrar\u0131n yeniden sa\u011flanmas\u0131n\u0131n b\u00fct\u00fcn Suriyelilerin \u00e7\u0131karlar\u0131na hizmet edece\u011fini ve vatanda\u015flar\u0131n t\u00fcm\u00fcn\u00fcn bunun bilincinde olduklar\u0131n\u0131n alt\u0131n\u0131 \u00e7izdi.<\/p>\n<p>Uzla\u015fma Komisyonu Heyetinden Deyrezzor ilindeki hizmet, ekonomi ve toplumsal durum hakk\u0131nda ayr\u0131nt\u0131l\u0131 bilgi alan Halaki; b\u00fct\u00fcn illerde hizmet, idari ve ya\u015fam ko\u015fullar\u0131n\u0131n daha iyile\u015ftirilmesinin \u00f6nemine dikkat \u00e7ekti.<\/p>\n<p>\u00d6te yandan ulusal uzla\u015fman\u0131n ba\u015far\u0131yla tamamlanmas\u0131 ve yeniden in\u015fa s\u00fcrecinde aktif rol oynamaya b\u00fcy\u00fck bir \u00f6nem verdiklerini ifade eden Uzla\u015fma Komisyonu Heyeti \u00dcyeleri; Deyrezzor\u2019un b\u00fct\u00fcn vatan topraklar\u0131n\u0131 savunan sa\u011flam bir kalkan olarak her zaman var olaca\u011f\u0131n\u0131n alt\u0131n\u0131 \u00e7izdiler.<\/p>\n<p><a href=\"http:\/\/sanasyria.org\/tr\/wp-content\/uploads\/2014\/06\/h-1.jpg\"><img loading=\"lazy\" decoding=\"async\" class=\"aligncenter wp-image-3202 size-full\" src=\"http:\/\/sanasyria.org\/tr\/wp-content\/uploads\/2014\/06\/h-1.jpg\" alt=\"h 1\" width=\"620\" height=\"330\" srcset=\"https:\/\/archive.sana.sy\/tr\/wp-content\/uploads\/2014\/06\/h-1.jpg 620w, https:\/\/archive.sana.sy\/tr\/wp-content\/uploads\/2014\/06\/h-1-150x79.jpg 150w, https:\/\/archive.sana.sy\/tr\/wp-content\/uploads\/2014\/06\/h-1-300x160.jpg 300w\" sizes=\"auto, (max-width: 620px) 100vw, 620px\" \/><\/a><\/p>\n","protected":false},"excerpt":{"rendered":"<p>\u015eAM \u2013 Ba\u015fbakan Vail el Halaki d\u00fcn Deyrezzor Ulusal Uzla\u015fma Komisyonunu temsil eden bir heyetle bir araya geldi. H\u00fck\u00fcmetin b\u00fct\u00fcn illerde hizmet, ya\u015fam ko\u015fullar\u0131 ve geli\u015fmeleri ayr\u0131nt\u0131l\u0131 bir \u015fekilde takip etmeyi s\u00fcrd\u00fcrd\u00fc\u011f\u00fcne i\u015faret ederek; \u00a0ter\u00f6r olaylar\u0131 nedeniyle zarar g\u00f6ren b\u00f6lgelerin onar\u0131m ve yeniden hizmete ba\u015flamas\u0131 \u00e7al\u0131\u015fmalar\u0131na b\u00fcy\u00fck bir \u00f6nem verildi\u011fini belirtti. Halk\u0131n b\u00fct\u00fcn kesimlerinin yeniden &hellip;<\/p>\n","protected":false},"author":1,"featured_media":3203,"comment_status":"closed","ping_status":"closed","sticky":false,"template":"","format":"standard","meta":{"footnotes":""},"categories":[479,478],"tags":[706],"class_list":["post-3201","post","type-post","status-publish","format-standard","has-post-thumbnail","","category-haberler-yerel","category-yerel","tag-halaki-hukumet-hizmet-ve-yasam-kosullarini-ayrintili-bir-sekilde-takip-ediyor"],"_links":{"self":[{"href":"https:\/\/archive.sana.sy\/tr\/index.php?rest_route=\/wp\/v2\/posts\/3201","targetHints":{"allow":["GET"]}}],"collection":[{"href":"https:\/\/archive.sana.sy\/tr\/index.php?rest_route=\/wp\/v2\/posts"}],"about":[{"href":"https:\/\/archive.sana.sy\/tr\/index.php?rest_route=\/wp\/v2\/types\/post"}],"author":[{"embeddable":true,"href":"https:\/\/archive.sana.sy\/tr\/index.php?rest_route=\/wp\/v2\/users\/1"}],"replies":[{"embeddable":true,"href":"https:\/\/archive.sana.sy\/tr\/index.php?rest_route=%2Fwp%2Fv2%2Fcomments&post=3201"}],"version-history":[{"count":0,"href":"https:\/\/archive.sana.sy\/tr\/index.php?rest_route=\/wp\/v2\/posts\/3201\/revisions"}],"wp:featuredmedia":[{"embeddable":true,"href":"https:\/\/archive.sana.sy\/tr\/index.php?rest_route=\/wp\/v2\/media\/3203"}],"wp:attachment":[{"href":"https:\/\/archive.sana.sy\/tr\/index.php?rest_route=%2Fwp%2Fv2%2Fmedia&parent=3201"}],"wp:term":[{"taxonomy":"category","embeddable":true,"href":"https:\/\/archive.sana.sy\/tr\/index.php?rest_route=%2Fwp%2Fv2%2Fcategories&post=3201"},{"taxonomy":"post_tag","embeddable":true,"href":"https:\/\/archive.sana.sy\/tr\/index.php?rest_route=%2Fwp%2Fv2%2Ftags&post=3201"}],"curies":[{"name":"wp","href":"https:\/\/api.w.org\/{rel}","templated":true}]}}