{"id":32014,"date":"2015-05-04T21:03:43","date_gmt":"2015-05-04T18:03:43","guid":{"rendered":"http:\/\/sana.sy\/tr\/?p=32014"},"modified":"2015-05-05T13:08:12","modified_gmt":"2015-05-05T10:08:12","slug":"dera-haseke-ve-kunaytrada-nusra-ve-isid-teror-orgutleri-agir-kayiplar-veriyor","status":"publish","type":"post","link":"https:\/\/archive.sana.sy\/tr\/?p=32014","title":{"rendered":"Haseke&#8217;de Baz\u0131 K\u00f6yler Ordu Kontrol\u00fcnde.. Nusra ve I\u015e\u0130D A\u011f\u0131r Kay\u0131plar Vermeye Devam Ediyor"},"content":{"rendered":"<p>\u0130LLER \u2013 Vatan koruyucular\u0131 kahraman ordu birliklerimizin ihvanc\u0131 Erdo\u011fan, \u00c2l Suud, Katar ve daha nice g\u00fc\u00e7lerin d\u00fcnyan\u0131n d\u00f6rt bir yan\u0131ndan toplay\u0131p e\u011fitmeleri ve silahland\u0131rmalar\u0131 ard\u0131ndan Suriye\u2019ye g\u00f6nderdikleri karanl\u0131k tekfiri ter\u00f6r \u00f6rg\u00fctlere y\u00f6nelik operasyonlar\u0131nda b\u00fcy\u00fck ba\u015far\u0131lara imza atmaya devam ediyor.<\/p>\n<p><span style=\"color: #0000ff\">DERA:<\/span><\/p>\n<p>Ordu birliklerimiz Dera ve k\u0131rsal\u0131nda \u0130srail i\u015fgal g\u00fc\u00e7leriyle ba\u011flant\u0131l\u0131 Nusra Cephesi ter\u00f6r \u00f6rg\u00fct\u00fc ve m\u00fcttefikleri di\u011fer ter\u00f6r \u00f6rg\u00fctlerden \u00e7ok say\u0131da ter\u00f6risti \u00f6ld\u00fcrd\u00fc.<\/p>\n<p>\u00dcrd\u00fcn s\u0131n\u0131rlar\u0131na yak\u0131n Dera Beled B\u00f6lgesinde\u00a0ordu birliklerimiz Meteoroloji M\u00fcd\u00fcrl\u00fc\u011f\u00fc yak\u0131nlar\u0131nda d\u00fczenledi\u011fi ba\u015far\u0131l\u0131 operasyon sonucunda ter\u00f6ristlere ait bir f\u00fcze bataryas\u0131n\u0131 onu kullanan ter\u00f6r grubuyla birlikte imha etti.<\/p>\n<p>Dera Beled&#8217;te Kerk ve Postane Merkezinin kuzey ve g\u00fcneyinde \u00dcrd\u00fcn ve \u0130srail&#8217;in deste\u011fi, Katar ve Suudi&#8217;nin de finans\u0131yla ter\u00f6r faaliyetlerinde bulunan ter\u00f6rist \u00f6rg\u00fctlerin k\u00fcmelenme yerlerini imha eden ordu birliklerimiz; bu \u00e7eteleri say\u0131 ve te\u00e7hizat bak\u0131m\u0131ndan a\u011f\u0131r kay\u0131plara u\u011fratt\u0131.<\/p>\n<p>Dera k\u0131rsal\u0131 kuzey bat\u0131s\u0131nda ise askeri kaynak, ordu birliklerimizin Kefar\u015fems Beldesinde Nusra Cephesi ve s\u00f6zde el M\u00fcsenna \u0130slami Hareketi adl\u0131 ter\u00f6r \u00f6rg\u00fctlerine ba\u011fl\u0131 \u00e7ok say\u0131da ter\u00f6risti \u00f6l\u00fc ve yaral\u0131 d\u00fc\u015f\u00fcrd\u00fcklerine i\u015faret etti.<\/p>\n<p>Kaynak, Etman Beldesindeki Nusra Cephesi ter\u00f6ristlerinin yuvalanma merkezlerine y\u00f6nelik d\u00fczenlenen operasyonlarda, Suriye halk\u0131na d\u00fc\u015fman istihbarat rejimlerinin y\u00f6netti\u011fi Amman operasyon odas\u0131n\u0131n ajandalar\u0131n\u0131 uygulayan \u00e7ok say\u0131da ter\u00f6risti \u00f6l\u00fc d\u00fc\u015f\u00fcrd\u00fcklerini ifade etti.<\/p>\n<p>Kaynak, ordu birliklerinin Dera kuzeydo\u011fusundaki Do\u011fu Gariye K\u00f6y\u00fcnde d\u00fczenledi\u011fi operasyon sonucunda ise \u00e7ok say\u0131da ter\u00f6risti \u00f6l\u00fc ve yaral\u0131 d\u00fc\u015f\u00fcrd\u00fcklerini; ellerinde bulunan silah, cephane ve te\u00e7hizatlar\u0131n\u0131 da imha ettiklerini s\u00f6yledi.<\/p>\n<p>Bu esnada tekfiri ter\u00f6r \u00f6rg\u00fctleri sosyal payla\u015f\u0131m sayfalar\u0131nda Dera\u2019n\u0131n muhtelif b\u00f6lgelerinde \u00e7ok say\u0131da elemanlar\u0131n\u0131n \u00f6l\u00fc ev yaral\u0131 d\u00fc\u015ft\u00fcklerini, te\u00e7hizat bak\u0131m\u0131ndan da a\u011f\u0131r kay\u0131plara u\u011frat\u0131ld\u0131klar\u0131n\u0131 itiraf etti.<\/p>\n<p><span style=\"color: #0000ff\">HALEP :<\/span><\/p>\n<p>Askeri kaynak; ordu birliklerimizin Halep ve k\u0131rsal\u0131 Hava Akademisi civar\u0131,\u200f Leyremun, Amiriye, Selahattin, Me\u015fhed, S\u00fckkeri, Ramuse, \u015eeyh Sait, Urm, Bebi Zeyd, \u015eekif, Kefarnaha, Ra\u015fedin 4 ve Ra\u015fedin 5 b\u00f6lgelerinde \u00e7ok say\u0131da ter\u00f6risti \u00f6l\u00fc ve yaral\u0131 d\u00fc\u015f\u00fcr\u00fcp ara\u00e7, cephane ve silahlar\u0131n\u0131 da imha ettiklerini s\u00f6yledi.<\/p>\n<p><span style=\"color: #0000ff\">HASEKE:<a href=\"http:\/\/sana.sy\/tr\/wp-content\/uploads\/2015\/05\/haseke.jpg\"><img loading=\"lazy\" decoding=\"async\" class=\"alignright size-medium wp-image-32091\" src=\"http:\/\/sana.sy\/tr\/wp-content\/uploads\/2015\/05\/haseke-300x177.jpg\" alt=\"haseke\" width=\"300\" height=\"177\" srcset=\"https:\/\/archive.sana.sy\/tr\/wp-content\/uploads\/2015\/05\/haseke-300x177.jpg 300w, https:\/\/archive.sana.sy\/tr\/wp-content\/uploads\/2015\/05\/haseke-150x89.jpg 150w, https:\/\/archive.sana.sy\/tr\/wp-content\/uploads\/2015\/05\/haseke.jpg 500w\" sizes=\"auto, (max-width: 300px) 100vw, 300px\" \/><\/a><\/span><\/p>\n<p>Haseke Valili\u011finde bir kaynak SANA muhabirine a\u00e7\u0131klamas\u0131nda; ordu birliklerimizin halk savunma gruplar\u0131n\u0131n i\u015fbirli\u011fiyle I\u015e\u0130D \u00d6rg\u00fct\u00fcn\u00fcn son toplanma yerlerini ortadan kald\u0131rmalar\u0131 ard\u0131ndan Haseke k\u0131rsal\u0131n\u0131n do\u011fusunda Salaliye, Humur, Verd \u015eakra, Sahr, Serb, Muceybre, Racman ve Tibbe k\u00f6ylerini tamamen kontrolleri alt\u0131na ald\u0131klar\u0131n\u0131 belirtti.<\/p>\n<p>Kaynak ter\u00f6ristlerin bertaraf edilmesi ard\u0131ndan s\u00f6z konusu k\u00f6ylerin ahalisinin can ve mal g\u00fcvenli\u011finin sa\u011fland\u0131\u011f\u0131n\u0131 ifade etti.<a href=\"http:\/\/sana.sy\/tr\/wp-content\/uploads\/2015\/05\/haseke1.jpg\"><img loading=\"lazy\" decoding=\"async\" class=\"alignright size-medium wp-image-32093\" src=\"http:\/\/sana.sy\/tr\/wp-content\/uploads\/2015\/05\/haseke1-300x177.jpg\" alt=\"haseke1\" width=\"300\" height=\"177\" srcset=\"https:\/\/archive.sana.sy\/tr\/wp-content\/uploads\/2015\/05\/haseke1-300x177.jpg 300w, https:\/\/archive.sana.sy\/tr\/wp-content\/uploads\/2015\/05\/haseke1-150x89.jpg 150w, https:\/\/archive.sana.sy\/tr\/wp-content\/uploads\/2015\/05\/haseke1.jpg 500w\" sizes=\"auto, (max-width: 300px) 100vw, 300px\" \/><\/a><\/p>\n<p>Ordu birliklerimizin ayn\u0131 zamanda Haseke k\u0131rsal\u0131 Ari\u015fe Beldesine ilaveten \u015eeddadi B\u00f6lgesine d\u00fc\u015fen Hammad el As\u00e2d Saray\u0131n\u0131n civar\u0131 ve Ziraat Bankas\u0131 yak\u0131nlar\u0131nda I\u015e\u0130D\u2019in karargah ve mevkilerini imha ettiklerini belirten askeri kaynak; a\u011f\u0131r kay\u0131plara u\u011fratt\u0131klar\u0131na dikkat \u00e7ekti.<\/p>\n<p><span style=\"color: #0000ff\">KUNAYTRA:<\/span><\/p>\n<p>Nusra Cephesi ve daha ba\u015fka ter\u00f6r \u00f6rg\u00fctlerin i\u015fgalci \u0130srailden her t\u00fcrl\u00fc deste\u011fi ald\u0131klar\u0131 Kunaytra k\u0131rsal\u0131nda ise askeri bir kaynak; ordu birliklerimizin Meshara Beldesinde Nusra Cephesinden \u00e7ok say\u0131da ter\u00f6risti \u00f6l\u00fc d\u00fc\u015f\u00fcrd\u00fcklerini, bir cephane deposunu da imha ettiklerini s\u00f6yledi.<\/p>\n<p>Bu arada ordu birliklerimiz Kunaytra k\u0131rsal\u0131 Nabi el Sahr K\u00f6y\u00fcn\u00fcn kuzeyi, Hamidiye ve Acref K\u00f6y\u00fcn\u00fcn bat\u0131s\u0131nda ter\u00f6ristlerin toplanma yerleri ve mevkilerini hedef alarak y\u00fcksek say\u0131da ter\u00f6risti \u00f6l\u00fc ve yaral\u0131 d\u00fc\u015f\u00fcr\u00fcp ara\u00e7, cephane ve muhtelif t\u00fcr silahlar\u0131n\u0131 imha etti.<\/p>\n<p><span style=\"color: #0000ff\">HOMS :<\/span><\/p>\n<p>\u00d6te yandan Homs k\u0131rsal\u0131n\u0131n do\u011fusu Rhum K\u00f6y\u00fcnde I\u015e\u0130D\u2019e kar\u015f\u0131 nitelikli operasyonlar\u0131n\u0131 s\u00fcrd\u00fcren ordu birliklerimiz \u00e7ok say\u0131da ter\u00f6risti \u00f6l\u00fc ve yaral\u0131 d\u00fc\u015f\u00fcrd\u00fc.<\/p>\n<p>Homs k\u0131rsal\u0131 Mesada, Racm el \u00c2li,Um Sahric, Do\u011fu ve Bat\u0131 Sellam k\u00f6ylerinde ise ordu birliklerimiz bir\u00e7ok ter\u00f6risti \u00f6l\u00fc ve yaral\u0131 d\u00fc\u015f\u00fcr\u00fcp silah ve m\u00fchimmatlar\u0131n\u0131 da imha etti.<\/p>\n<p>Ordu birliklerimiz Medrace Tepesinde de ter\u00f6r \u00e7etelerin yuva ve k\u00fcmelenme yerlerini hedef almalar\u0131yla onlarca ter\u00f6risti \u00f6l\u00fc ve yaral\u0131 d\u00fc\u015f\u00fcrd\u00fc.<\/p>\n<p>Ordu birliklerimiz Homs k\u0131rsal\u0131 \u015eair Da\u011f\u0131n\u0131n \u00e7evresi, Hendavi ve Mennuh b\u00f6lgelerinde I\u015e\u0130D\u2019e ait bir\u00e7ok arac\u0131 ta\u015f\u0131d\u0131\u011f\u0131 ter\u00f6rist ve cephaneyle birlikte imha etti.<\/p>\n<p><span style=\"color: #0000ff\">HAMA :<\/span><\/p>\n<p>Hama k\u0131rsal\u0131 Kefarzeytta, Tel Fas, Cub el Ahmar ve Keston b\u00f6lgelerinde ise ter\u00f6r \u00e7etelerin yuva ve karargahlar\u0131n\u0131 imha eden ordu birliklerimiz saflar\u0131nda b\u00fcy\u00fck kay\u0131plara yol a\u00e7t\u0131.<\/p>\n<p><span style=\"color: #0000ff\">\u015eAM:<\/span><\/p>\n<p>Di\u011fer yandan SANA muhabiri; ordu birliklerimizin \u015eam k\u0131rsal\u0131nda L\u00fcbnan s\u0131n\u0131rlar\u0131na yak\u0131n Kalemun da\u011fl\u0131k b\u00f6lgesinin Cubbe Beldesinde Nusra Cephesine kar\u015f\u0131 nitelikli operasyonlar\u0131n\u0131 s\u00fcrd\u00fcrd\u00fcklerini ifade etti.<\/p>\n<p>Muhabir; operasyonlar\u0131nda \u00e7ok say\u0131da ter\u00f6ristin \u00f6l\u00fc ve yaral\u0131 d\u00fc\u015f\u00fcr\u00fcl\u00fcp 4 arac\u0131n ta\u015f\u0131d\u0131klar\u0131 ter\u00f6rist ve cephaneyle birlikte imha edildi\u011fini belirtti.<\/p>\n<p>SANA muhabiri; Do\u011fu \u011euta\u2019n\u0131n g\u00fcneyi Zebdin \u2013 Deyr el Asafir ekseninde ter\u00f6ristlerin toplanma merkezi ve mevkilerini hedef alan ordu birliklerimizin onlarca ter\u00f6risti \u00f6ld\u00fcrmelerine e\u015f zamanl\u0131 olarak Merc el Sultan ve civarlar\u0131nda Nusra Cephesi ve \u2018\u0130slam Ordusu\u2019 adl\u0131 \u00e7etelerden 16\u2019dan fazla ter\u00f6risti \u00f6l\u00fc ve yaral\u0131 d\u00fc\u015f\u00fcrd\u00fcklerine dikkat \u00e7ekti.<\/p>\n<p>Bu arada Duma Kasabas\u0131nda ter\u00f6r \u00f6rg\u00fctleri; Do\u011fu \u011euta\u2019n\u0131n muhtelif b\u00f6lgelerinde \u2018\u0130slam Ordusu\u2019 \u00e7etelerinin s\u00f6zde \u2018M\u00fchendislik B\u00f6l\u00fc\u011f\u00fc Komutan\u0131\u2019 Muhammed \u015eeyh Bekri\u2019nin aralar\u0131nda bulundu\u011fu 29\u2019den fazla ter\u00f6ristin \u00f6ld\u00fcr\u00fcld\u00fc\u011f\u00fcn\u00fc ilan etti.<\/p>\n<p>A.A. &#8211; S.\u015e &#8211; M.M.<\/p>\n","protected":false},"excerpt":{"rendered":"<p>\u0130LLER \u2013 Vatan koruyucular\u0131 kahraman ordu birliklerimizin ihvanc\u0131 Erdo\u011fan, \u00c2l Suud, Katar ve daha nice g\u00fc\u00e7lerin d\u00fcnyan\u0131n d\u00f6rt bir yan\u0131ndan toplay\u0131p e\u011fitmeleri ve silahland\u0131rmalar\u0131 ard\u0131ndan Suriye\u2019ye g\u00f6nderdikleri karanl\u0131k tekfiri ter\u00f6r \u00f6rg\u00fctlere y\u00f6nelik operasyonlar\u0131nda b\u00fcy\u00fck ba\u015far\u0131lara imza atmaya devam ediyor. DERA: Ordu birliklerimiz Dera ve k\u0131rsal\u0131nda \u0130srail i\u015fgal g\u00fc\u00e7leriyle ba\u011flant\u0131l\u0131 Nusra Cephesi ter\u00f6r \u00f6rg\u00fct\u00fc ve m\u00fcttefikleri &hellip;<\/p>\n","protected":false},"author":1,"featured_media":32090,"comment_status":"closed","ping_status":"closed","sticky":false,"template":"","format":"standard","meta":{"footnotes":""},"categories":[575],"tags":[14288],"class_list":["post-32014","post","type-post","status-publish","format-standard","has-post-thumbnail","","category-olaylar-ve-gercekler","tag-hasekede-bazi-koyler-ordu-kontrolunde-nusra-ve-isid-agir-kayiplar-vermeye-devam-ediyor"],"_links":{"self":[{"href":"https:\/\/archive.sana.sy\/tr\/index.php?rest_route=\/wp\/v2\/posts\/32014","targetHints":{"allow":["GET"]}}],"collection":[{"href":"https:\/\/archive.sana.sy\/tr\/index.php?rest_route=\/wp\/v2\/posts"}],"about":[{"href":"https:\/\/archive.sana.sy\/tr\/index.php?rest_route=\/wp\/v2\/types\/post"}],"author":[{"embeddable":true,"href":"https:\/\/archive.sana.sy\/tr\/index.php?rest_route=\/wp\/v2\/users\/1"}],"replies":[{"embeddable":true,"href":"https:\/\/archive.sana.sy\/tr\/index.php?rest_route=%2Fwp%2Fv2%2Fcomments&post=32014"}],"version-history":[{"count":0,"href":"https:\/\/archive.sana.sy\/tr\/index.php?rest_route=\/wp\/v2\/posts\/32014\/revisions"}],"wp:featuredmedia":[{"embeddable":true,"href":"https:\/\/archive.sana.sy\/tr\/index.php?rest_route=\/wp\/v2\/media\/32090"}],"wp:attachment":[{"href":"https:\/\/archive.sana.sy\/tr\/index.php?rest_route=%2Fwp%2Fv2%2Fmedia&parent=32014"}],"wp:term":[{"taxonomy":"category","embeddable":true,"href":"https:\/\/archive.sana.sy\/tr\/index.php?rest_route=%2Fwp%2Fv2%2Fcategories&post=32014"},{"taxonomy":"post_tag","embeddable":true,"href":"https:\/\/archive.sana.sy\/tr\/index.php?rest_route=%2Fwp%2Fv2%2Ftags&post=32014"}],"curies":[{"name":"wp","href":"https:\/\/api.w.org\/{rel}","templated":true}]}}