{"id":320176,"date":"2025-04-30T14:14:50","date_gmt":"2025-04-30T11:14:50","guid":{"rendered":"https:\/\/sana.sy\/tr\/?p=320176"},"modified":"2025-04-30T15:35:28","modified_gmt":"2025-04-30T12:35:28","slug":"suriye-isvec-gorusmeleri-ulastirma-alanindaki-is-birligini-artiracak","status":"publish","type":"post","link":"https:\/\/archive.sana.sy\/tr\/?p=320176","title":{"rendered":"Ula\u015ft\u0131rma Alan\u0131ndaki \u0130\u015f Birli\u011fini Art\u0131rmak \u0130\u00e7in Suriye-\u0130sve\u00e7 G\u00f6r\u00fc\u015fmeleri D\u00fczenlendi"},"content":{"rendered":"<p style=\"text-align: justify;\"><strong><span style=\"color: #800000;\">\u015eAM (SANA)<\/span> \u2013<\/strong> Suriye Ula\u015ft\u0131rma Bakan\u0131 Dr. Yarub Bedir, \u0130sve\u00e7 B\u00fcy\u00fckel\u00e7ili\u011fi Maslahatg\u00fczar\u0131 Jessica Svardstr\u00f6m ile ula\u015ft\u0131rma alan\u0131nda ortak i\u015f birli\u011fi imkanlar\u0131n\u0131 g\u00f6r\u00fc\u015ft\u00fc.<\/p>\n<p style=\"text-align: justify;\">\u015eam\u2019daki Ula\u015ft\u0131rma Bakanl\u0131\u011f\u0131 binas\u0131nda ger\u00e7ekle\u015fen g\u00f6r\u00fc\u015fmede taraflar, farkl\u0131 ula\u015f\u0131m t\u00fcrlerindeki kalk\u0131nma projelerini ele ald\u0131. G\u00f6r\u00fc\u015fmede ayr\u0131ca, iki \u00fclkenin ortak hedef ve vizyonlar\u0131na ula\u015f\u0131lmas\u0131 i\u00e7in somut ad\u0131mlar at\u0131lmas\u0131n\u0131n ve \u0130sve\u00e7\u2019in ula\u015ft\u0131rma ve ileti\u015fim alan\u0131ndaki tecr\u00fcbelerinden yararlan\u0131lmas\u0131n\u0131n gereklili\u011fi vurguland\u0131.<\/p>\n<p style=\"text-align: justify;\"><img loading=\"lazy\" decoding=\"async\" class=\"size-full wp-image-320178 alignright\" src=\"http:\/\/sana.sy\/tr\/wp-content\/uploads\/2025\/04\/11111.jpg\" alt=\"\" width=\"300\" height=\"175\" \/>Bakan Bedir, Suriye ile \u0130sve\u00e7 aras\u0131ndaki ikili ili\u015fkilerin \u00e7e\u015fitli alanlarda g\u00fc\u00e7lendirilmesinin, her iki \u00fclkenin \u00e7\u0131karlar\u0131na hizmet edece\u011fini belirtirken de, Suriye&#8217;nin kara ve demiryolu ula\u015f\u0131m sistemlerinin yeniden yap\u0131land\u0131r\u0131lmas\u0131 ve geli\u015ftirilmesi i\u00e7in ula\u015ft\u0131rma alan\u0131ndaki i\u015f birli\u011finin art\u0131r\u0131lmas\u0131n\u0131n \u00f6nemine dikkat \u00e7ekti.<\/p>\n<p style=\"text-align: justify;\">Maslahatg\u00fczar Svardstr\u00f6m ise \u00fclkesinin, ula\u015ft\u0131rma sekt\u00f6r\u00fcnde Suriye halk\u0131na tam destek vermeye haz\u0131r oldu\u011funu ifade ederek, sunulan \u00f6nerilerin incelenece\u011fini, deneyimlerin de\u011ferlendirilece\u011fini ve uygulanmalar\u0131 i\u00e7in gerekli temellerin at\u0131laca\u011f\u0131n\u0131 kaydetti.<\/p>\n","protected":false},"excerpt":{"rendered":"<p>\u015eAM (SANA) \u2013 Suriye Ula\u015ft\u0131rma Bakan\u0131 Dr. Yarub Bedir, \u0130sve\u00e7 B\u00fcy\u00fckel\u00e7ili\u011fi Maslahatg\u00fczar\u0131 Jessica Svardstr\u00f6m ile ula\u015ft\u0131rma alan\u0131nda ortak i\u015f birli\u011fi imkanlar\u0131n\u0131 g\u00f6r\u00fc\u015ft\u00fc. \u015eam\u2019daki Ula\u015ft\u0131rma Bakanl\u0131\u011f\u0131 binas\u0131nda ger\u00e7ekle\u015fen g\u00f6r\u00fc\u015fmede taraflar, farkl\u0131 ula\u015f\u0131m t\u00fcrlerindeki kalk\u0131nma projelerini ele ald\u0131. G\u00f6r\u00fc\u015fmede ayr\u0131ca, iki \u00fclkenin ortak hedef ve vizyonlar\u0131na ula\u015f\u0131lmas\u0131 i\u00e7in somut ad\u0131mlar at\u0131lmas\u0131n\u0131n ve \u0130sve\u00e7\u2019in ula\u015ft\u0131rma ve ileti\u015fim alan\u0131ndaki &hellip;<\/p>\n","protected":false},"author":39,"featured_media":320177,"comment_status":"closed","ping_status":"closed","sticky":false,"template":"","format":"standard","meta":{"footnotes":""},"categories":[589,479,17988,478],"tags":[],"class_list":["post-320176","post","type-post","status-publish","format-standard","has-post-thumbnail","","category-haber-seridi","category-haberler-yerel","category-son-haberler","category-yerel"],"_links":{"self":[{"href":"https:\/\/archive.sana.sy\/tr\/index.php?rest_route=\/wp\/v2\/posts\/320176","targetHints":{"allow":["GET"]}}],"collection":[{"href":"https:\/\/archive.sana.sy\/tr\/index.php?rest_route=\/wp\/v2\/posts"}],"about":[{"href":"https:\/\/archive.sana.sy\/tr\/index.php?rest_route=\/wp\/v2\/types\/post"}],"author":[{"embeddable":true,"href":"https:\/\/archive.sana.sy\/tr\/index.php?rest_route=\/wp\/v2\/users\/39"}],"replies":[{"embeddable":true,"href":"https:\/\/archive.sana.sy\/tr\/index.php?rest_route=%2Fwp%2Fv2%2Fcomments&post=320176"}],"version-history":[{"count":3,"href":"https:\/\/archive.sana.sy\/tr\/index.php?rest_route=\/wp\/v2\/posts\/320176\/revisions"}],"predecessor-version":[{"id":320188,"href":"https:\/\/archive.sana.sy\/tr\/index.php?rest_route=\/wp\/v2\/posts\/320176\/revisions\/320188"}],"wp:featuredmedia":[{"embeddable":true,"href":"https:\/\/archive.sana.sy\/tr\/index.php?rest_route=\/wp\/v2\/media\/320177"}],"wp:attachment":[{"href":"https:\/\/archive.sana.sy\/tr\/index.php?rest_route=%2Fwp%2Fv2%2Fmedia&parent=320176"}],"wp:term":[{"taxonomy":"category","embeddable":true,"href":"https:\/\/archive.sana.sy\/tr\/index.php?rest_route=%2Fwp%2Fv2%2Fcategories&post=320176"},{"taxonomy":"post_tag","embeddable":true,"href":"https:\/\/archive.sana.sy\/tr\/index.php?rest_route=%2Fwp%2Fv2%2Ftags&post=320176"}],"curies":[{"name":"wp","href":"https:\/\/api.w.org\/{rel}","templated":true}]}}