{"id":320189,"date":"2025-04-30T15:52:16","date_gmt":"2025-04-30T12:52:16","guid":{"rendered":"https:\/\/sana.sy\/tr\/?p=320189"},"modified":"2025-04-30T15:53:29","modified_gmt":"2025-04-30T12:53:29","slug":"cin-israili-suriye-ve-lubnana-yonelik-saldirilarini-durdurmaya-cagirdi","status":"publish","type":"post","link":"https:\/\/archive.sana.sy\/tr\/?p=320189","title":{"rendered":"\u00c7in, \u0130srail&#8217;i Suriye Ve L\u00fcbnan&#8217;a Y\u00f6nelik Sald\u0131rganl\u0131klar\u0131n\u0131 Durdurmaya \u00c7a\u011f\u0131rd\u0131"},"content":{"rendered":"<p style=\"text-align: justify;\"><strong><span style=\"color: #800000;\">NEW YORK (SANA) <\/span>&#8211;<\/strong> \u00c7in, \u0130srail&#8217;i Suriye ve L\u00fcbnan topraklar\u0131na y\u00f6nelik tekrarlanan sald\u0131rganl\u0131klar\u0131n\u0131 durdurmaya \u00e7a\u011f\u0131rd\u0131 ve bu sald\u0131rganl\u0131klar\u0131n her iki \u00fclkenin egemenli\u011fini ve toprak b\u00fct\u00fcnl\u00fc\u011f\u00fcn\u00fc ihlal etti\u011fini vurgulad\u0131.<\/p>\n<p style=\"text-align: justify;\">Birle\u015fmi\u015f Milletler&#8217;deki \u00c7in Misyonu web sitesinde yay\u0131nlananlara g\u00f6re, BM G\u00fcvenlik Konseyi&#8217;nin Filistin ve Orta Do\u011fu ile ilgili oturumunda, \u00c7in&#8217;in Birle\u015fmi\u015f Milletler Daimi Temsilcisi Fu Tsong, \u0130srail i\u015fgalci varl\u0131\u011f\u0131n\u0131n g\u00fc\u00e7 kullanarak kazanma arzusundan vazge\u00e7mesini, Gazze&#8217;ye y\u00f6nelik sald\u0131rganl\u0131\u011f\u0131n\u0131n derhal sona ermesini, Suriye ve L\u00fcbnan&#8217;a y\u00f6nelik sald\u0131rganl\u0131klar\u0131n sona ermesini ve iki \u00fclkenin topraklar\u0131ndan derhal \u00e7ekilmesini talep etti.<\/p>\n","protected":false},"excerpt":{"rendered":"<p>NEW YORK (SANA) &#8211; \u00c7in, \u0130srail&#8217;i Suriye ve L\u00fcbnan topraklar\u0131na y\u00f6nelik tekrarlanan sald\u0131rganl\u0131klar\u0131n\u0131 durdurmaya \u00e7a\u011f\u0131rd\u0131 ve bu sald\u0131rganl\u0131klar\u0131n her iki \u00fclkenin egemenli\u011fini ve toprak b\u00fct\u00fcnl\u00fc\u011f\u00fcn\u00fc ihlal etti\u011fini vurgulad\u0131. Birle\u015fmi\u015f Milletler&#8217;deki \u00c7in Misyonu web sitesinde yay\u0131nlananlara g\u00f6re, BM G\u00fcvenlik Konseyi&#8217;nin Filistin ve Orta Do\u011fu ile ilgili oturumunda, \u00c7in&#8217;in Birle\u015fmi\u015f Milletler Daimi Temsilcisi Fu Tsong, \u0130srail i\u015fgalci &hellip;<\/p>\n","protected":false},"author":41,"featured_media":320190,"comment_status":"closed","ping_status":"closed","sticky":false,"template":"","format":"standard","meta":{"footnotes":""},"categories":[458,589,459,17988],"tags":[],"class_list":["post-320189","post","type-post","status-publish","format-standard","has-post-thumbnail","","category-dunya1","category-haber-seridi","category-haberler-arap-uluslararasi-politika","category-son-haberler"],"_links":{"self":[{"href":"https:\/\/archive.sana.sy\/tr\/index.php?rest_route=\/wp\/v2\/posts\/320189","targetHints":{"allow":["GET"]}}],"collection":[{"href":"https:\/\/archive.sana.sy\/tr\/index.php?rest_route=\/wp\/v2\/posts"}],"about":[{"href":"https:\/\/archive.sana.sy\/tr\/index.php?rest_route=\/wp\/v2\/types\/post"}],"author":[{"embeddable":true,"href":"https:\/\/archive.sana.sy\/tr\/index.php?rest_route=\/wp\/v2\/users\/41"}],"replies":[{"embeddable":true,"href":"https:\/\/archive.sana.sy\/tr\/index.php?rest_route=%2Fwp%2Fv2%2Fcomments&post=320189"}],"version-history":[{"count":2,"href":"https:\/\/archive.sana.sy\/tr\/index.php?rest_route=\/wp\/v2\/posts\/320189\/revisions"}],"predecessor-version":[{"id":320192,"href":"https:\/\/archive.sana.sy\/tr\/index.php?rest_route=\/wp\/v2\/posts\/320189\/revisions\/320192"}],"wp:featuredmedia":[{"embeddable":true,"href":"https:\/\/archive.sana.sy\/tr\/index.php?rest_route=\/wp\/v2\/media\/320190"}],"wp:attachment":[{"href":"https:\/\/archive.sana.sy\/tr\/index.php?rest_route=%2Fwp%2Fv2%2Fmedia&parent=320189"}],"wp:term":[{"taxonomy":"category","embeddable":true,"href":"https:\/\/archive.sana.sy\/tr\/index.php?rest_route=%2Fwp%2Fv2%2Fcategories&post=320189"},{"taxonomy":"post_tag","embeddable":true,"href":"https:\/\/archive.sana.sy\/tr\/index.php?rest_route=%2Fwp%2Fv2%2Ftags&post=320189"}],"curies":[{"name":"wp","href":"https:\/\/api.w.org\/{rel}","templated":true}]}}