{"id":320205,"date":"2025-04-30T15:30:56","date_gmt":"2025-04-30T12:30:56","guid":{"rendered":"https:\/\/sana.sy\/tr\/?p=320205"},"modified":"2025-04-30T16:51:47","modified_gmt":"2025-04-30T13:51:47","slug":"egitim-durumu-ve-is-birligini-gelistirme-yollari-konusunda-suriye-ingiliz-gorusmeleri-gerceklesti","status":"publish","type":"post","link":"https:\/\/archive.sana.sy\/tr\/?p=320205","title":{"rendered":"E\u011fitim Durumu Ve \u0130\u015f Birli\u011fini Geli\u015ftirme Yollar\u0131 Konusunda Suriye-\u0130ngiliz G\u00f6r\u00fc\u015fmeleri Ger\u00e7ekle\u015fti"},"content":{"rendered":"<p style=\"text-align: justify;\"><span style=\"color: #800000;\"><strong>\u015eAM (SANA)<\/strong> <\/span>&#8211;\u00a0 E\u011fitim Bakan\u0131 Muhammad Abdulrahman Tarku bug\u00fcn Suriye&#8217;deki \u0130ngiliz \u00d6zel Temsilcisi Anne Snow ile Suriye&#8217;deki e\u011fitimin durumu ve e\u011fitim sistemini geli\u015ftirmek i\u00e7in iki \u00fclke aras\u0131ndaki i\u015f birli\u011fini geli\u015ftirme yollar\u0131 hakk\u0131nda g\u00f6r\u00fc\u015ft\u00fc.<\/p>\n<p style=\"text-align: justify;\">Bakanl\u0131k binas\u0131nda ger\u00e7ekle\u015fen g\u00f6r\u00fc\u015fmede, e\u011fitim sekt\u00f6r\u00fcn\u00fc destekleyen gelecekteki projeler, y\u0131k\u0131lan okul binalar\u0131n\u0131n durumu ve bunlar\u0131n yeniden in\u015fas\u0131 ve restorasyonu i\u00e7in mekanizmalar ele al\u0131nd\u0131.<\/p>\n<p style=\"text-align: justify;\">Bakan Tarku ayr\u0131ca, \u00f6nemli destek ve \u00e7aba gerektiren e\u011fitim sekt\u00f6r\u00fcn\u00fcn kar\u015f\u0131 kar\u015f\u0131ya oldu\u011fu zorluklar\u0131 vurgulad\u0131 ve yeniden in\u015fan\u0131n \u00f6n\u00fcnde engel te\u015fkil eden Suriye&#8217;ye y\u00f6nelik ekonomik yapt\u0131r\u0131mlar\u0131n kald\u0131r\u0131lmas\u0131 gerekti\u011fini kaydetti.<\/p>\n<p style=\"text-align: justify;\">\u0130ngiliz \u00d6zel Temsilcisi ise \u00fclkesinin \u00f6zellikle teknik destek olmak \u00fczere \u00e7e\u015fitli alanlarda destek sa\u011flamaya haz\u0131r oldu\u011funu ifade etti.<\/p>\n","protected":false},"excerpt":{"rendered":"<p>\u015eAM (SANA) &#8211;\u00a0 E\u011fitim Bakan\u0131 Muhammad Abdulrahman Tarku bug\u00fcn Suriye&#8217;deki \u0130ngiliz \u00d6zel Temsilcisi Anne Snow ile Suriye&#8217;deki e\u011fitimin durumu ve e\u011fitim sistemini geli\u015ftirmek i\u00e7in iki \u00fclke aras\u0131ndaki i\u015f birli\u011fini geli\u015ftirme yollar\u0131 hakk\u0131nda g\u00f6r\u00fc\u015ft\u00fc. Bakanl\u0131k binas\u0131nda ger\u00e7ekle\u015fen g\u00f6r\u00fc\u015fmede, e\u011fitim sekt\u00f6r\u00fcn\u00fc destekleyen gelecekteki projeler, y\u0131k\u0131lan okul binalar\u0131n\u0131n durumu ve bunlar\u0131n yeniden in\u015fas\u0131 ve restorasyonu i\u00e7in mekanizmalar ele &hellip;<\/p>\n","protected":false},"author":41,"featured_media":320206,"comment_status":"closed","ping_status":"closed","sticky":false,"template":"","format":"standard","meta":{"footnotes":""},"categories":[589,479,17988,478],"tags":[],"class_list":["post-320205","post","type-post","status-publish","format-standard","has-post-thumbnail","","category-haber-seridi","category-haberler-yerel","category-son-haberler","category-yerel"],"_links":{"self":[{"href":"https:\/\/archive.sana.sy\/tr\/index.php?rest_route=\/wp\/v2\/posts\/320205","targetHints":{"allow":["GET"]}}],"collection":[{"href":"https:\/\/archive.sana.sy\/tr\/index.php?rest_route=\/wp\/v2\/posts"}],"about":[{"href":"https:\/\/archive.sana.sy\/tr\/index.php?rest_route=\/wp\/v2\/types\/post"}],"author":[{"embeddable":true,"href":"https:\/\/archive.sana.sy\/tr\/index.php?rest_route=\/wp\/v2\/users\/41"}],"replies":[{"embeddable":true,"href":"https:\/\/archive.sana.sy\/tr\/index.php?rest_route=%2Fwp%2Fv2%2Fcomments&post=320205"}],"version-history":[{"count":1,"href":"https:\/\/archive.sana.sy\/tr\/index.php?rest_route=\/wp\/v2\/posts\/320205\/revisions"}],"predecessor-version":[{"id":320207,"href":"https:\/\/archive.sana.sy\/tr\/index.php?rest_route=\/wp\/v2\/posts\/320205\/revisions\/320207"}],"wp:featuredmedia":[{"embeddable":true,"href":"https:\/\/archive.sana.sy\/tr\/index.php?rest_route=\/wp\/v2\/media\/320206"}],"wp:attachment":[{"href":"https:\/\/archive.sana.sy\/tr\/index.php?rest_route=%2Fwp%2Fv2%2Fmedia&parent=320205"}],"wp:term":[{"taxonomy":"category","embeddable":true,"href":"https:\/\/archive.sana.sy\/tr\/index.php?rest_route=%2Fwp%2Fv2%2Fcategories&post=320205"},{"taxonomy":"post_tag","embeddable":true,"href":"https:\/\/archive.sana.sy\/tr\/index.php?rest_route=%2Fwp%2Fv2%2Ftags&post=320205"}],"curies":[{"name":"wp","href":"https:\/\/api.w.org\/{rel}","templated":true}]}}