{"id":320209,"date":"2025-04-30T17:04:54","date_gmt":"2025-04-30T14:04:54","guid":{"rendered":"https:\/\/sana.sy\/tr\/?p=320209"},"modified":"2025-04-30T17:04:54","modified_gmt":"2025-04-30T14:04:54","slug":"sosyal-isler-bakani-suriye-kadin-danisma-kurulu-ile-ortak-isbirligi-alanlarini-gorustu","status":"publish","type":"post","link":"https:\/\/archive.sana.sy\/tr\/?p=320209","title":{"rendered":"Sosyal \u0130\u015fler Bakan\u0131, Suriye Kad\u0131n Dan\u0131\u015fma Kurulu \u0130le Ortak \u0130\u015fbirli\u011fi Alanlar\u0131n\u0131 G\u00f6r\u00fc\u015ft\u00fc"},"content":{"rendered":"<p style=\"text-align: justify;\"><span style=\"color: #800000;\"><strong>\u015eAM (SANA)- <\/strong><\/span>Suriye Sosyal \u0130\u015fler ve \u00c7al\u0131\u015fma Bakan\u0131 Hind Kabavat, bug\u00fcn Suriye Kad\u0131n Dan\u0131\u015fma Konseyi \u00fcyeleriyle Suriye&#8217;deki i\u00e7 bar\u0131\u015fa ili\u015fkin bir s\u00fcr\u00fc konuyu ele ald\u0131.<br \/>\n<img loading=\"lazy\" decoding=\"async\" class=\" wp-image-320211 alignright\" src=\"http:\/\/sana.sy\/tr\/wp-content\/uploads\/2025\/04\/7-6.jpg\" alt=\"\" width=\"264\" height=\"174\" \/><\/p>\n<p style=\"text-align: justify;\">\u015eam&#8217;daki Bakanl\u0131k binas\u0131nda ger\u00e7ekle\u015fen g\u00f6r\u00fc\u015fmede Bakan Kabavat, Konsey&#8217;in sivil bar\u0131\u015fa ula\u015fma \u00e7abalar\u0131n\u0131 desteklemede oynad\u0131\u011f\u0131 rol\u00fcn \u00f6nemine dikkat \u00e7ekerek, kad\u0131nlar\u0131n gelecekteki bar\u0131\u015f s\u00fcre\u00e7lerine kat\u0131l\u0131m\u0131n\u0131n art\u0131r\u0131lmas\u0131 gerekti\u011fini vurgulad\u0131.<\/p>\n<p>G\u00f6r\u00fc\u015fmeye Birle\u015fmi\u015f Milletler Suriye \u00d6zel Temsilcisi Yard\u0131mc\u0131s\u0131 Necat R\u00fc\u015fdi de kat\u0131ld\u0131.<\/p>\n<p style=\"text-align: justify;\">\n","protected":false},"excerpt":{"rendered":"<p>\u015eAM (SANA)- Suriye Sosyal \u0130\u015fler ve \u00c7al\u0131\u015fma Bakan\u0131 Hind Kabavat, bug\u00fcn Suriye Kad\u0131n Dan\u0131\u015fma Konseyi \u00fcyeleriyle Suriye&#8217;deki i\u00e7 bar\u0131\u015fa ili\u015fkin bir s\u00fcr\u00fc konuyu ele ald\u0131. \u015eam&#8217;daki Bakanl\u0131k binas\u0131nda ger\u00e7ekle\u015fen g\u00f6r\u00fc\u015fmede Bakan Kabavat, Konsey&#8217;in sivil bar\u0131\u015fa ula\u015fma \u00e7abalar\u0131n\u0131 desteklemede oynad\u0131\u011f\u0131 rol\u00fcn \u00f6nemine dikkat \u00e7ekerek, kad\u0131nlar\u0131n gelecekteki bar\u0131\u015f s\u00fcre\u00e7lerine kat\u0131l\u0131m\u0131n\u0131n art\u0131r\u0131lmas\u0131 gerekti\u011fini vurgulad\u0131. G\u00f6r\u00fc\u015fmeye Birle\u015fmi\u015f Milletler Suriye &hellip;<\/p>\n","protected":false},"author":41,"featured_media":320210,"comment_status":"closed","ping_status":"closed","sticky":false,"template":"","format":"standard","meta":{"footnotes":""},"categories":[589,479,17988,478],"tags":[],"class_list":["post-320209","post","type-post","status-publish","format-standard","has-post-thumbnail","","category-haber-seridi","category-haberler-yerel","category-son-haberler","category-yerel"],"_links":{"self":[{"href":"https:\/\/archive.sana.sy\/tr\/index.php?rest_route=\/wp\/v2\/posts\/320209","targetHints":{"allow":["GET"]}}],"collection":[{"href":"https:\/\/archive.sana.sy\/tr\/index.php?rest_route=\/wp\/v2\/posts"}],"about":[{"href":"https:\/\/archive.sana.sy\/tr\/index.php?rest_route=\/wp\/v2\/types\/post"}],"author":[{"embeddable":true,"href":"https:\/\/archive.sana.sy\/tr\/index.php?rest_route=\/wp\/v2\/users\/41"}],"replies":[{"embeddable":true,"href":"https:\/\/archive.sana.sy\/tr\/index.php?rest_route=%2Fwp%2Fv2%2Fcomments&post=320209"}],"version-history":[{"count":1,"href":"https:\/\/archive.sana.sy\/tr\/index.php?rest_route=\/wp\/v2\/posts\/320209\/revisions"}],"predecessor-version":[{"id":320213,"href":"https:\/\/archive.sana.sy\/tr\/index.php?rest_route=\/wp\/v2\/posts\/320209\/revisions\/320213"}],"wp:featuredmedia":[{"embeddable":true,"href":"https:\/\/archive.sana.sy\/tr\/index.php?rest_route=\/wp\/v2\/media\/320210"}],"wp:attachment":[{"href":"https:\/\/archive.sana.sy\/tr\/index.php?rest_route=%2Fwp%2Fv2%2Fmedia&parent=320209"}],"wp:term":[{"taxonomy":"category","embeddable":true,"href":"https:\/\/archive.sana.sy\/tr\/index.php?rest_route=%2Fwp%2Fv2%2Fcategories&post=320209"},{"taxonomy":"post_tag","embeddable":true,"href":"https:\/\/archive.sana.sy\/tr\/index.php?rest_route=%2Fwp%2Fv2%2Ftags&post=320209"}],"curies":[{"name":"wp","href":"https:\/\/api.w.org\/{rel}","templated":true}]}}