{"id":320226,"date":"2025-04-30T19:57:55","date_gmt":"2025-04-30T16:57:55","guid":{"rendered":"https:\/\/sana.sy\/tr\/?p=320226"},"modified":"2025-04-30T20:16:29","modified_gmt":"2025-04-30T17:16:29","slug":"basmuftu-her-suriyeli-kani-haramdir-fitneyi-reddetmeli-intikam-cagrilarindan-uzak-durmaliyiz","status":"publish","type":"post","link":"https:\/\/archive.sana.sy\/tr\/?p=320226","title":{"rendered":"Ba\u015fm\u00fcft\u00fc: Her Suriyeli Kan\u0131 Haramd\u0131r, Fitneyi Reddetmeli, \u0130ntikam \u00c7a\u011fr\u0131lar\u0131ndan Uzak Durmal\u0131y\u0131z"},"content":{"rendered":"<p style=\"text-align: justify;\"><span style=\"color: #800000;\"><strong>\u015eAM (SANA) &#8211;<\/strong><\/span> \u00a0Suriye Arap Cumhuriyeti Ba\u015fn\u00fcft\u00fcs\u00fc \u015eeyh Usame El R\u0131fai, t\u00fcm Suriyelilerin kan\u0131n\u0131n kutsal oldu\u011funu, bu \u00fclkedeki herhangi bir bireyin kan\u0131n\u0131n her damlas\u0131n\u0131n de\u011ferli oldu\u011funu ve israf edilmemesi gerekti\u011fini vurgulayarak, Suriyelilerin her kesiminden birle\u015fme, ihtilaf\u0131 reddetme ve intikam \u00e7a\u011fr\u0131lar\u0131ndan uzak durma \u00e7a\u011fr\u0131s\u0131 yapt\u0131.<\/p>\n<p style=\"text-align: justify;\">\u015eeyh El R\u0131fai bug\u00fcn yapt\u0131\u011f\u0131 a\u00e7\u0131klamdada, fitnenin s\u00f6nd\u00fcr\u00fclmesinin bu \u00fclkenin evlatlar\u0131n\u0131n kan\u0131n\u0131 ba\u011f\u0131\u015flayaca\u011f\u0131n\u0131, canlar\u0131n\u0131 koruyaca\u011f\u0131n\u0131 vurgularken, &#8221;Herkes akl\u0131na, y\u00fcre\u011fine, vicdan\u0131na d\u00f6nmeli, intikam ve misilleme \u00e7a\u011fr\u0131lar\u0131ndan uzak durmal\u0131, adaletin yerini bulmas\u0131na izin vermeli, b\u00f6ylece ruhlar huzura kavu\u015facakt\u0131r&#8221; ifadelerini kulland\u0131.<\/p>\n<p style=\"text-align: justify;\">\u015eeyh El R\u0131fai a\u00e7\u0131klamas\u0131nda ayr\u0131ca, Allah&#8217;tan bu \u00fclkeyi korumas\u0131n\u0131, huzur, bar\u0131\u015f ve istikrar getirmesini diledi.<\/p>\n","protected":false},"excerpt":{"rendered":"<p>\u015eAM (SANA) &#8211; \u00a0Suriye Arap Cumhuriyeti Ba\u015fn\u00fcft\u00fcs\u00fc \u015eeyh Usame El R\u0131fai, t\u00fcm Suriyelilerin kan\u0131n\u0131n kutsal oldu\u011funu, bu \u00fclkedeki herhangi bir bireyin kan\u0131n\u0131n her damlas\u0131n\u0131n de\u011ferli oldu\u011funu ve israf edilmemesi gerekti\u011fini vurgulayarak, Suriyelilerin her kesiminden birle\u015fme, ihtilaf\u0131 reddetme ve intikam \u00e7a\u011fr\u0131lar\u0131ndan uzak durma \u00e7a\u011fr\u0131s\u0131 yapt\u0131. \u015eeyh El R\u0131fai bug\u00fcn yapt\u0131\u011f\u0131 a\u00e7\u0131klamdada, fitnenin s\u00f6nd\u00fcr\u00fclmesinin bu \u00fclkenin evlatlar\u0131n\u0131n &hellip;<\/p>\n","protected":false},"author":41,"featured_media":320227,"comment_status":"closed","ping_status":"closed","sticky":false,"template":"","format":"standard","meta":{"footnotes":""},"categories":[589,479,17988,478],"tags":[],"class_list":["post-320226","post","type-post","status-publish","format-standard","has-post-thumbnail","","category-haber-seridi","category-haberler-yerel","category-son-haberler","category-yerel"],"_links":{"self":[{"href":"https:\/\/archive.sana.sy\/tr\/index.php?rest_route=\/wp\/v2\/posts\/320226","targetHints":{"allow":["GET"]}}],"collection":[{"href":"https:\/\/archive.sana.sy\/tr\/index.php?rest_route=\/wp\/v2\/posts"}],"about":[{"href":"https:\/\/archive.sana.sy\/tr\/index.php?rest_route=\/wp\/v2\/types\/post"}],"author":[{"embeddable":true,"href":"https:\/\/archive.sana.sy\/tr\/index.php?rest_route=\/wp\/v2\/users\/41"}],"replies":[{"embeddable":true,"href":"https:\/\/archive.sana.sy\/tr\/index.php?rest_route=%2Fwp%2Fv2%2Fcomments&post=320226"}],"version-history":[{"count":2,"href":"https:\/\/archive.sana.sy\/tr\/index.php?rest_route=\/wp\/v2\/posts\/320226\/revisions"}],"predecessor-version":[{"id":320232,"href":"https:\/\/archive.sana.sy\/tr\/index.php?rest_route=\/wp\/v2\/posts\/320226\/revisions\/320232"}],"wp:featuredmedia":[{"embeddable":true,"href":"https:\/\/archive.sana.sy\/tr\/index.php?rest_route=\/wp\/v2\/media\/320227"}],"wp:attachment":[{"href":"https:\/\/archive.sana.sy\/tr\/index.php?rest_route=%2Fwp%2Fv2%2Fmedia&parent=320226"}],"wp:term":[{"taxonomy":"category","embeddable":true,"href":"https:\/\/archive.sana.sy\/tr\/index.php?rest_route=%2Fwp%2Fv2%2Fcategories&post=320226"},{"taxonomy":"post_tag","embeddable":true,"href":"https:\/\/archive.sana.sy\/tr\/index.php?rest_route=%2Fwp%2Fv2%2Ftags&post=320226"}],"curies":[{"name":"wp","href":"https:\/\/api.w.org\/{rel}","templated":true}]}}