{"id":320265,"date":"2025-05-01T12:27:42","date_gmt":"2025-05-01T09:27:42","guid":{"rendered":"https:\/\/sana.sy\/tr\/?p=320265"},"modified":"2025-05-01T13:28:13","modified_gmt":"2025-05-01T10:28:13","slug":"ulastirma-bakani-cin-heyetiyle-ulastirma-alanindaki-isbirligini-gorustu","status":"publish","type":"post","link":"https:\/\/archive.sana.sy\/tr\/?p=320265","title":{"rendered":"Ula\u015ft\u0131rma Bakan\u0131, \u00c7in Heyetiyle Ula\u015ft\u0131rma Alan\u0131ndaki \u0130\u015fbirli\u011fini G\u00f6r\u00fc\u015ft\u00fc"},"content":{"rendered":"<p style=\"text-align: justify;\"><strong>\u015eAM (SANA) \u2013<\/strong> Ula\u015ft\u0131rma Bakan\u0131 Dr. Yarub Bedir, i\u015f insanlar\u0131 ve \u00c7inli yat\u0131r\u0131m \u015firketlerinin temsilcilerinden olu\u015fan bir heyetle bir araya gelerek, ula\u015ft\u0131rma alan\u0131nda i\u015f birli\u011fi ve koordinasyon olanaklar\u0131n\u0131 g\u00f6r\u00fc\u015ft\u00fc. G\u00f6r\u00fc\u015fmede, bu i\u015f birli\u011finin iki \u00fclke aras\u0131ndaki stratejik ili\u015fki seviyesine y\u00fckseltilmesi hedeflendi.<\/p>\n<p style=\"text-align: justify;\"><img loading=\"lazy\" decoding=\"async\" class=\"size-full wp-image-320269 alignright\" src=\"http:\/\/sana.sy\/tr\/wp-content\/uploads\/2025\/05\/888-1.jpg\" alt=\"\" width=\"300\" height=\"185\" \/>Bakanl\u0131k binas\u0131nda ger\u00e7ekle\u015fen g\u00f6r\u00fc\u015fmede, \u00f6zellikle demiryollar\u0131, elektrikli ara\u00e7lar, otomobiller ve y\u00fck ta\u015f\u0131mac\u0131l\u0131\u011f\u0131 gibi alanlarda Suriye\u2019deki gelecek vaat eden yat\u0131r\u0131m f\u0131rsatlar\u0131 ele al\u0131nd\u0131. Ayr\u0131ca, Suriyeli insan g\u00fcc\u00fcn\u00fcn e\u011fitimi ve nitelik kazand\u0131r\u0131lmas\u0131 konusunda \u00c7in&#8217;in tecr\u00fcbelerinden yararlanma imk\u00e2nlar\u0131 da de\u011ferlendirildi.<\/p>\n<p style=\"text-align: justify;\">Dr. Bedir, ula\u015ft\u0131rma sekt\u00f6r\u00fcn\u00fcn canland\u0131r\u0131lmas\u0131, ticaret ve ekonomik al\u0131\u015fveri\u015fin art\u0131r\u0131lmas\u0131 ile ortak yat\u0131r\u0131m projelerinin te\u015fvik edilmesine katk\u0131 sa\u011flayacak i\u015f birli\u011finin g\u00fc\u00e7lendirilmesinin \u00f6nemini vurgulayarak, \u00c7in halk\u0131n\u0131n, Suriye halk\u0131na her ko\u015fulda verdi\u011fi destekten dolay\u0131 takdirlerini ifade etti.<\/p>\n<p style=\"text-align: justify;\">\u00c7in heyeti ise, ula\u015ft\u0131rma alan\u0131ndaki i\u015f birli\u011fini geni\u015fletmeye, ikili ili\u015fkileri geli\u015ftirmeye ve ortak yat\u0131r\u0131mlar\u0131 te\u015fvik etmeye y\u00f6nelik \u00e7abalar\u0131 yo\u011funla\u015ft\u0131rmaya haz\u0131r olduklar\u0131n\u0131 belirtti.<\/p>\n","protected":false},"excerpt":{"rendered":"<p>\u015eAM (SANA) \u2013 Ula\u015ft\u0131rma Bakan\u0131 Dr. Yarub Bedir, i\u015f insanlar\u0131 ve \u00c7inli yat\u0131r\u0131m \u015firketlerinin temsilcilerinden olu\u015fan bir heyetle bir araya gelerek, ula\u015ft\u0131rma alan\u0131nda i\u015f birli\u011fi ve koordinasyon olanaklar\u0131n\u0131 g\u00f6r\u00fc\u015ft\u00fc. G\u00f6r\u00fc\u015fmede, bu i\u015f birli\u011finin iki \u00fclke aras\u0131ndaki stratejik ili\u015fki seviyesine y\u00fckseltilmesi hedeflendi. Bakanl\u0131k binas\u0131nda ger\u00e7ekle\u015fen g\u00f6r\u00fc\u015fmede, \u00f6zellikle demiryollar\u0131, elektrikli ara\u00e7lar, otomobiller ve y\u00fck ta\u015f\u0131mac\u0131l\u0131\u011f\u0131 gibi alanlarda &hellip;<\/p>\n","protected":false},"author":39,"featured_media":320266,"comment_status":"closed","ping_status":"closed","sticky":false,"template":"","format":"standard","meta":{"footnotes":""},"categories":[589,479,17988,478],"tags":[],"class_list":["post-320265","post","type-post","status-publish","format-standard","has-post-thumbnail","","category-haber-seridi","category-haberler-yerel","category-son-haberler","category-yerel"],"_links":{"self":[{"href":"https:\/\/archive.sana.sy\/tr\/index.php?rest_route=\/wp\/v2\/posts\/320265","targetHints":{"allow":["GET"]}}],"collection":[{"href":"https:\/\/archive.sana.sy\/tr\/index.php?rest_route=\/wp\/v2\/posts"}],"about":[{"href":"https:\/\/archive.sana.sy\/tr\/index.php?rest_route=\/wp\/v2\/types\/post"}],"author":[{"embeddable":true,"href":"https:\/\/archive.sana.sy\/tr\/index.php?rest_route=\/wp\/v2\/users\/39"}],"replies":[{"embeddable":true,"href":"https:\/\/archive.sana.sy\/tr\/index.php?rest_route=%2Fwp%2Fv2%2Fcomments&post=320265"}],"version-history":[{"count":3,"href":"https:\/\/archive.sana.sy\/tr\/index.php?rest_route=\/wp\/v2\/posts\/320265\/revisions"}],"predecessor-version":[{"id":320271,"href":"https:\/\/archive.sana.sy\/tr\/index.php?rest_route=\/wp\/v2\/posts\/320265\/revisions\/320271"}],"wp:featuredmedia":[{"embeddable":true,"href":"https:\/\/archive.sana.sy\/tr\/index.php?rest_route=\/wp\/v2\/media\/320266"}],"wp:attachment":[{"href":"https:\/\/archive.sana.sy\/tr\/index.php?rest_route=%2Fwp%2Fv2%2Fmedia&parent=320265"}],"wp:term":[{"taxonomy":"category","embeddable":true,"href":"https:\/\/archive.sana.sy\/tr\/index.php?rest_route=%2Fwp%2Fv2%2Fcategories&post=320265"},{"taxonomy":"post_tag","embeddable":true,"href":"https:\/\/archive.sana.sy\/tr\/index.php?rest_route=%2Fwp%2Fv2%2Ftags&post=320265"}],"curies":[{"name":"wp","href":"https:\/\/api.w.org\/{rel}","templated":true}]}}