{"id":320273,"date":"2025-05-01T13:46:00","date_gmt":"2025-05-01T10:46:00","guid":{"rendered":"https:\/\/sana.sy\/tr\/?p=320273"},"modified":"2025-05-01T13:46:27","modified_gmt":"2025-05-01T10:46:27","slug":"bayindirlik-bakanligi-un-habitat-ile-egitim-ve-kentsel-kalkinma-alanlarinda-isbirligini-gorustu","status":"publish","type":"post","link":"https:\/\/archive.sana.sy\/tr\/?p=320273","title":{"rendered":"Bay\u0131nd\u0131rl\u0131k Bakanl\u0131\u011f\u0131, (UN-Habitat) ile E\u011fitim ve Kentsel Kalk\u0131nma Alanlar\u0131nda \u0130\u015fbirli\u011fini G\u00f6r\u00fc\u015ft\u00fc"},"content":{"rendered":"<p style=\"text-align: justify;\"><strong>\u015eAM (SANA) &#8211; <\/strong>Bay\u0131nd\u0131rl\u0131k ve \u0130skan Bakan\u0131 M\u00fch. Mustafa Abd\u00fclrezzak, Birle\u015fmi\u015f Milletler Suriye \u0130nsan Yerle\u015fimleri Program\u0131 (UN-Habitat) heyetiyle Bakanl\u0131k binas\u0131nda bir araya gelerek ikili i\u015fbirli\u011finin geli\u015ftirilme yollar\u0131n\u0131 ele ald\u0131.<\/p>\n<p style=\"text-align: justify;\"><img loading=\"lazy\" decoding=\"async\" class=\"size-full wp-image-320275 alignright\" src=\"http:\/\/sana.sy\/tr\/wp-content\/uploads\/2025\/05\/555.jpg\" alt=\"\" width=\"300\" height=\"177\" \/>G\u00f6r\u00fc\u015fmede, sava\u015f\u0131n yol a\u00e7t\u0131\u011f\u0131 hasarlar\u0131n tespiti ve belirlenen elektronik form arac\u0131l\u0131\u011f\u0131yla kentsel kalk\u0131nma plan\u0131n\u0131n haz\u0131rlanmas\u0131 s\u00fcrecine Bakanl\u0131k personelinin kat\u0131l\u0131m\u0131n\u0131 sa\u011flamak amac\u0131yla e\u011fitimlerin desteklenmesi konular\u0131 masaya yat\u0131r\u0131ld\u0131.<\/p>\n<p style=\"text-align: justify;\">Taraflar, yeniden imar s\u00fcrecinde kar\u015f\u0131la\u015f\u0131lan zorluklar\u0131n a\u015f\u0131lmas\u0131 i\u00e7in i\u015fbirli\u011fi ve koordinasyonun art\u0131r\u0131lmas\u0131n\u0131n \u00f6nemine dikkat \u00e7ekti.<\/p>\n","protected":false},"excerpt":{"rendered":"<p>\u015eAM (SANA) &#8211; Bay\u0131nd\u0131rl\u0131k ve \u0130skan Bakan\u0131 M\u00fch. Mustafa Abd\u00fclrezzak, Birle\u015fmi\u015f Milletler Suriye \u0130nsan Yerle\u015fimleri Program\u0131 (UN-Habitat) heyetiyle Bakanl\u0131k binas\u0131nda bir araya gelerek ikili i\u015fbirli\u011finin geli\u015ftirilme yollar\u0131n\u0131 ele ald\u0131. G\u00f6r\u00fc\u015fmede, sava\u015f\u0131n yol a\u00e7t\u0131\u011f\u0131 hasarlar\u0131n tespiti ve belirlenen elektronik form arac\u0131l\u0131\u011f\u0131yla kentsel kalk\u0131nma plan\u0131n\u0131n haz\u0131rlanmas\u0131 s\u00fcrecine Bakanl\u0131k personelinin kat\u0131l\u0131m\u0131n\u0131 sa\u011flamak amac\u0131yla e\u011fitimlerin desteklenmesi konular\u0131 masaya yat\u0131r\u0131ld\u0131. &hellip;<\/p>\n","protected":false},"author":39,"featured_media":320274,"comment_status":"closed","ping_status":"closed","sticky":false,"template":"","format":"standard","meta":{"footnotes":""},"categories":[589,479,17988,478],"tags":[],"class_list":["post-320273","post","type-post","status-publish","format-standard","has-post-thumbnail","","category-haber-seridi","category-haberler-yerel","category-son-haberler","category-yerel"],"_links":{"self":[{"href":"https:\/\/archive.sana.sy\/tr\/index.php?rest_route=\/wp\/v2\/posts\/320273","targetHints":{"allow":["GET"]}}],"collection":[{"href":"https:\/\/archive.sana.sy\/tr\/index.php?rest_route=\/wp\/v2\/posts"}],"about":[{"href":"https:\/\/archive.sana.sy\/tr\/index.php?rest_route=\/wp\/v2\/types\/post"}],"author":[{"embeddable":true,"href":"https:\/\/archive.sana.sy\/tr\/index.php?rest_route=\/wp\/v2\/users\/39"}],"replies":[{"embeddable":true,"href":"https:\/\/archive.sana.sy\/tr\/index.php?rest_route=%2Fwp%2Fv2%2Fcomments&post=320273"}],"version-history":[{"count":2,"href":"https:\/\/archive.sana.sy\/tr\/index.php?rest_route=\/wp\/v2\/posts\/320273\/revisions"}],"predecessor-version":[{"id":320277,"href":"https:\/\/archive.sana.sy\/tr\/index.php?rest_route=\/wp\/v2\/posts\/320273\/revisions\/320277"}],"wp:featuredmedia":[{"embeddable":true,"href":"https:\/\/archive.sana.sy\/tr\/index.php?rest_route=\/wp\/v2\/media\/320274"}],"wp:attachment":[{"href":"https:\/\/archive.sana.sy\/tr\/index.php?rest_route=%2Fwp%2Fv2%2Fmedia&parent=320273"}],"wp:term":[{"taxonomy":"category","embeddable":true,"href":"https:\/\/archive.sana.sy\/tr\/index.php?rest_route=%2Fwp%2Fv2%2Fcategories&post=320273"},{"taxonomy":"post_tag","embeddable":true,"href":"https:\/\/archive.sana.sy\/tr\/index.php?rest_route=%2Fwp%2Fv2%2Ftags&post=320273"}],"curies":[{"name":"wp","href":"https:\/\/api.w.org\/{rel}","templated":true}]}}