{"id":320278,"date":"2025-05-01T15:36:08","date_gmt":"2025-05-01T12:36:08","guid":{"rendered":"https:\/\/sana.sy\/tr\/?p=320278"},"modified":"2025-05-02T15:40:51","modified_gmt":"2025-05-02T12:40:51","slug":"cumhurbaskani-el-saranin-huzurunda-kara-ve-deniz-limanlari-genel-idaresi-fransiz-cma-cgm-sirketiyle-bir-anlasma-imzaladi","status":"publish","type":"post","link":"https:\/\/archive.sana.sy\/tr\/?p=320278","title":{"rendered":"Cumhurba\u015fkan\u0131 El \u015eara&#8217;n\u0131n Huzurunda &#8230; Kara Ve Deniz Limanlar\u0131 Genel \u0130daresi, Frans\u0131z CMA CGM \u015eirketiyle Bir Anla\u015fma \u0130mzalad\u0131"},"content":{"rendered":"<p style=\"text-align: justify;\"><span style=\"color: #800000;\"><strong>\u015eAM (SANA)<\/strong> &#8211;<\/span> Cumhurba\u015fkan\u0131 Say\u0131n Ahmed El \u015eara&#8217;n\u0131n huzurunda, \u015eam&#8217;daki Halk Saray\u0131&#8217;nda Kara ve Deniz Limanlar\u0131 Genel \u0130daresi ile Frans\u0131z CMA CGM \u015firketi aras\u0131nda anla\u015fma imzaland\u0131.<\/p>\n<p><img loading=\"lazy\" decoding=\"async\" class=\"aligncenter wp-image-320280 size-full\" src=\"http:\/\/sana.sy\/tr\/wp-content\/uploads\/2025\/05\/2.jpg\" alt=\"\" width=\"1280\" height=\"719\" srcset=\"https:\/\/archive.sana.sy\/tr\/wp-content\/uploads\/2025\/05\/2.jpg 1280w, https:\/\/archive.sana.sy\/tr\/wp-content\/uploads\/2025\/05\/2-300x169.jpg 300w, https:\/\/archive.sana.sy\/tr\/wp-content\/uploads\/2025\/05\/2-1024x575.jpg 1024w, https:\/\/archive.sana.sy\/tr\/wp-content\/uploads\/2025\/05\/2-768x431.jpg 768w\" sizes=\"auto, (max-width: 1280px) 100vw, 1280px\" \/><br \/>\n<img loading=\"lazy\" decoding=\"async\" class=\"aligncenter wp-image-320281 size-full\" src=\"http:\/\/sana.sy\/tr\/wp-content\/uploads\/2025\/05\/3.jpg\" alt=\"\" width=\"1280\" height=\"719\" srcset=\"https:\/\/archive.sana.sy\/tr\/wp-content\/uploads\/2025\/05\/3.jpg 1280w, https:\/\/archive.sana.sy\/tr\/wp-content\/uploads\/2025\/05\/3-300x169.jpg 300w, https:\/\/archive.sana.sy\/tr\/wp-content\/uploads\/2025\/05\/3-1024x575.jpg 1024w, https:\/\/archive.sana.sy\/tr\/wp-content\/uploads\/2025\/05\/3-768x431.jpg 768w\" sizes=\"auto, (max-width: 1280px) 100vw, 1280px\" \/><\/p>\n","protected":false},"excerpt":{"rendered":"<p>\u015eAM (SANA) &#8211; Cumhurba\u015fkan\u0131 Say\u0131n Ahmed El \u015eara&#8217;n\u0131n huzurunda, \u015eam&#8217;daki Halk Saray\u0131&#8217;nda Kara ve Deniz Limanlar\u0131 Genel \u0130daresi ile Frans\u0131z CMA CGM \u015firketi aras\u0131nda anla\u015fma imzaland\u0131.<\/p>\n","protected":false},"author":41,"featured_media":320279,"comment_status":"closed","ping_status":"closed","sticky":false,"template":"","format":"standard","meta":{"footnotes":""},"categories":[605],"tags":[],"class_list":["post-320278","post","type-post","status-publish","format-standard","has-post-thumbnail","","category-sayin-cumhurbaskani"],"_links":{"self":[{"href":"https:\/\/archive.sana.sy\/tr\/index.php?rest_route=\/wp\/v2\/posts\/320278","targetHints":{"allow":["GET"]}}],"collection":[{"href":"https:\/\/archive.sana.sy\/tr\/index.php?rest_route=\/wp\/v2\/posts"}],"about":[{"href":"https:\/\/archive.sana.sy\/tr\/index.php?rest_route=\/wp\/v2\/types\/post"}],"author":[{"embeddable":true,"href":"https:\/\/archive.sana.sy\/tr\/index.php?rest_route=\/wp\/v2\/users\/41"}],"replies":[{"embeddable":true,"href":"https:\/\/archive.sana.sy\/tr\/index.php?rest_route=%2Fwp%2Fv2%2Fcomments&post=320278"}],"version-history":[{"count":2,"href":"https:\/\/archive.sana.sy\/tr\/index.php?rest_route=\/wp\/v2\/posts\/320278\/revisions"}],"predecessor-version":[{"id":320371,"href":"https:\/\/archive.sana.sy\/tr\/index.php?rest_route=\/wp\/v2\/posts\/320278\/revisions\/320371"}],"wp:featuredmedia":[{"embeddable":true,"href":"https:\/\/archive.sana.sy\/tr\/index.php?rest_route=\/wp\/v2\/media\/320279"}],"wp:attachment":[{"href":"https:\/\/archive.sana.sy\/tr\/index.php?rest_route=%2Fwp%2Fv2%2Fmedia&parent=320278"}],"wp:term":[{"taxonomy":"category","embeddable":true,"href":"https:\/\/archive.sana.sy\/tr\/index.php?rest_route=%2Fwp%2Fv2%2Fcategories&post=320278"},{"taxonomy":"post_tag","embeddable":true,"href":"https:\/\/archive.sana.sy\/tr\/index.php?rest_route=%2Fwp%2Fv2%2Ftags&post=320278"}],"curies":[{"name":"wp","href":"https:\/\/api.w.org\/{rel}","templated":true}]}}