{"id":320283,"date":"2025-05-01T15:44:39","date_gmt":"2025-05-01T12:44:39","guid":{"rendered":"https:\/\/sana.sy\/tr\/?p=320283"},"modified":"2025-05-01T15:44:39","modified_gmt":"2025-05-01T12:44:39","slug":"new-york-times-esad-rejiminin-olumcul-mirasi-kara-mayinlari-ve-patlamamis-muhimmat","status":"publish","type":"post","link":"https:\/\/archive.sana.sy\/tr\/?p=320283","title":{"rendered":"New York Times: Esad Rejiminin \u00d6l\u00fcmc\u00fcl Miras\u0131&#8230; Kara May\u0131nlar\u0131 ve Patlamam\u0131\u015f M\u00fchimmat"},"content":{"rendered":"<p style=\"text-align: justify;\"><span style=\"color: #800000;\"><strong>NEW YORK (SANA)<\/strong> &#8211;<\/span> New York Times gazetesi, devrik Esad rejiminin \u00f6l\u00fcmc\u00fcl miras\u0131n\u0131n s\u00fcrd\u00fc\u011f\u00fcn\u00fc, Suriye&#8217;nin \u00e7e\u015fitli yerlerine, \u00f6zellikle \u0130dlib vilayetine d\u00f6\u015fenen may\u0131n ve m\u00fchimmatlar\u0131n patlad\u0131\u011f\u0131n\u0131 do\u011frulad\u0131.<\/p>\n<p style=\"text-align: justify;\">Gazete, internet sitesinde yay\u0131mlad\u0131\u011f\u0131 haberde, kara may\u0131nlar\u0131 ve patlamam\u0131\u015f m\u00fchimmatlar\u0131n, \u00f6zellikle \u0130dlib&#8217;de olmak \u00fczere Suriye&#8217;nin kuzeybat\u0131s\u0131nda sivillerin hayat\u0131na y\u00f6nelik g\u00fcnl\u00fck tehdit olu\u015fturmaya devam etti\u011fini belirtti \u00a0ve b\u00f6lgedeki may\u0131n temizleme ekiplerinin kar\u015f\u0131la\u015ft\u0131\u011f\u0131 zorluklara bir yenisini daha ekleyen patlay\u0131c\u0131lar\u0131n kurbanlar\u0131n\u0131n \u00e7o\u011funun \u00e7ocuk ve gen\u00e7lerden olu\u015ftu\u011funu vurgulad\u0131.<\/p>\n<p style=\"text-align: justify;\">Gazete, Suriye&#8217;nin ge\u00e7en y\u0131l may\u0131n kurban\u0131 say\u0131s\u0131 bak\u0131m\u0131ndan d\u00fcnyada ikinci s\u0131rada yer ald\u0131\u011f\u0131n\u0131 kaydederken \u015funlar\u0131 yazd\u0131: &#8221;Kara may\u0131nlar\u0131n\u0131 temizleyen ve bunlar\u0131n kullan\u0131m\u0131n\u0131 ve ortaya \u00e7\u0131kan can kay\u0131plar\u0131n\u0131 takip eden yard\u0131m kurulu\u015fu HALO, eski rejimin y\u0131k\u0131lmas\u0131ndan bu yana bu m\u00fchimmatlar nedeniyle yakla\u015f\u0131k 340 ki\u015finin \u00f6ld\u00fc\u011f\u00fcn\u00fc, 500 ki\u015finin de yaraland\u0131\u011f\u0131n\u0131 tahmin ediyor.&#8221;<\/p>\n<p style=\"text-align: justify;\">HALO organizasyonu, &#8221;Patlamam\u0131\u015f m\u00fchimmat, tarlalar\u0131 temizlemek, hurda toplamak ve molozlar\u0131 kald\u0131rmakla g\u00f6revli olan ergenler i\u00e7in di\u011ferlerine g\u00f6re daha b\u00fcy\u00fck bir tehdittir. \u00c7ocuklar \u00f6zellikle a\u00e7\u0131k havada oynarken \u00e7ok savunmas\u0131zd\u0131rlar&#8221; ifadelerini kulland\u0131.<\/p>\n<p style=\"text-align: justify;\">HALO Ortado\u011fu B\u00f6lge M\u00fcd\u00fcr Yard\u0131mc\u0131s\u0131 Nicholas Torbet, konuyla ilgili olarak, &#8220;Bu patlay\u0131c\u0131lar\u0131n baz\u0131lar\u0131n\u0131n parlak renkleri, parlak par\u00e7alar\u0131 ve dikkat \u00e7ekici \u015fekilleri var. Bu da do\u011fal olarak \u00e7ocuklar\u0131n ilgisini \u00e7ekiyor.&#8221; a\u00e7\u0131klamas\u0131n\u0131 yapt\u0131.<\/p>\n","protected":false},"excerpt":{"rendered":"<p>NEW YORK (SANA) &#8211; New York Times gazetesi, devrik Esad rejiminin \u00f6l\u00fcmc\u00fcl miras\u0131n\u0131n s\u00fcrd\u00fc\u011f\u00fcn\u00fc, Suriye&#8217;nin \u00e7e\u015fitli yerlerine, \u00f6zellikle \u0130dlib vilayetine d\u00f6\u015fenen may\u0131n ve m\u00fchimmatlar\u0131n patlad\u0131\u011f\u0131n\u0131 do\u011frulad\u0131. Gazete, internet sitesinde yay\u0131mlad\u0131\u011f\u0131 haberde, kara may\u0131nlar\u0131 ve patlamam\u0131\u015f m\u00fchimmatlar\u0131n, \u00f6zellikle \u0130dlib&#8217;de olmak \u00fczere Suriye&#8217;nin kuzeybat\u0131s\u0131nda sivillerin hayat\u0131na y\u00f6nelik g\u00fcnl\u00fck tehdit olu\u015fturmaya devam etti\u011fini belirtti \u00a0ve b\u00f6lgedeki may\u0131n temizleme &hellip;<\/p>\n","protected":false},"author":41,"featured_media":320284,"comment_status":"closed","ping_status":"closed","sticky":false,"template":"","format":"standard","meta":{"footnotes":""},"categories":[458,589,459,17988],"tags":[],"class_list":["post-320283","post","type-post","status-publish","format-standard","has-post-thumbnail","","category-dunya1","category-haber-seridi","category-haberler-arap-uluslararasi-politika","category-son-haberler"],"_links":{"self":[{"href":"https:\/\/archive.sana.sy\/tr\/index.php?rest_route=\/wp\/v2\/posts\/320283","targetHints":{"allow":["GET"]}}],"collection":[{"href":"https:\/\/archive.sana.sy\/tr\/index.php?rest_route=\/wp\/v2\/posts"}],"about":[{"href":"https:\/\/archive.sana.sy\/tr\/index.php?rest_route=\/wp\/v2\/types\/post"}],"author":[{"embeddable":true,"href":"https:\/\/archive.sana.sy\/tr\/index.php?rest_route=\/wp\/v2\/users\/41"}],"replies":[{"embeddable":true,"href":"https:\/\/archive.sana.sy\/tr\/index.php?rest_route=%2Fwp%2Fv2%2Fcomments&post=320283"}],"version-history":[{"count":1,"href":"https:\/\/archive.sana.sy\/tr\/index.php?rest_route=\/wp\/v2\/posts\/320283\/revisions"}],"predecessor-version":[{"id":320285,"href":"https:\/\/archive.sana.sy\/tr\/index.php?rest_route=\/wp\/v2\/posts\/320283\/revisions\/320285"}],"wp:featuredmedia":[{"embeddable":true,"href":"https:\/\/archive.sana.sy\/tr\/index.php?rest_route=\/wp\/v2\/media\/320284"}],"wp:attachment":[{"href":"https:\/\/archive.sana.sy\/tr\/index.php?rest_route=%2Fwp%2Fv2%2Fmedia&parent=320283"}],"wp:term":[{"taxonomy":"category","embeddable":true,"href":"https:\/\/archive.sana.sy\/tr\/index.php?rest_route=%2Fwp%2Fv2%2Fcategories&post=320283"},{"taxonomy":"post_tag","embeddable":true,"href":"https:\/\/archive.sana.sy\/tr\/index.php?rest_route=%2Fwp%2Fv2%2Ftags&post=320283"}],"curies":[{"name":"wp","href":"https:\/\/api.w.org\/{rel}","templated":true}]}}