{"id":320286,"date":"2025-05-01T15:57:13","date_gmt":"2025-05-01T12:57:13","guid":{"rendered":"https:\/\/sana.sy\/tr\/?p=320286"},"modified":"2025-05-01T15:57:13","modified_gmt":"2025-05-01T12:57:13","slug":"adalet-bakani-bm-suriye-temsilci-yardimcisi-ile-yarginin-gelistirilmesine-yonelik-isbirligi-alanlarini-gorustu","status":"publish","type":"post","link":"https:\/\/archive.sana.sy\/tr\/?p=320286","title":{"rendered":"Adalet Bakan\u0131, BM Suriye Temsilci Yard\u0131mc\u0131s\u0131 \u0130le Yarg\u0131n\u0131n Geli\u015ftirilmesine Y\u00f6nelik \u0130\u015fbirli\u011fi Alanlar\u0131n\u0131 G\u00f6r\u00fc\u015ft\u00fc"},"content":{"rendered":"<p style=\"text-align: justify;\"><span style=\"color: #800000;\"><strong>\u015eAM (SANA) &#8211;<\/strong><\/span> Adalet Bakan\u0131 Dr. Mazher El Veys, Birle\u015fmi\u015f Milletler Genel Sekreteri&#8217;nin Suriye \u00d6zel Temsilcisi Yard\u0131mc\u0131s\u0131 Necat R\u00fc\u015fdi ile \u00fclkenin yasama ve yarg\u0131 altyap\u0131s\u0131n\u0131n geli\u015ftirilmesine y\u00f6nelik koordinasyon ve i\u015f birli\u011fi imk\u00e2nlar\u0131n\u0131 g\u00f6r\u00fc\u015ft\u00fc.<br \/>\n<img loading=\"lazy\" decoding=\"async\" class=\" wp-image-320287 alignright\" src=\"http:\/\/sana.sy\/tr\/wp-content\/uploads\/2025\/05\/55.jpg\" alt=\"\" width=\"280\" height=\"165\" \/><\/p>\n<p style=\"text-align: justify;\">Bakanl\u0131k binas\u0131nda ger\u00e7ekle\u015fen g\u00f6r\u00fc\u015fmede Dr. El Veys, yarg\u0131 tesislerinin altyap\u0131s\u0131nda meydana gelen hasar\u0131n boyutunu, devik rejim nedeniyle ge\u00e7mi\u015f y\u0131llarda u\u011fran\u0131lan vandall\u0131k ve ihmali anlatarak, uluslararas\u0131 toplumun, \u00f6zellikle yarg\u0131 ve adalet alanlar\u0131nda \u00e7e\u015fitli sekt\u00f6rlerde ve kurumlarda Suriye&#8217;ye pratik destek sa\u011flayan \u00f6nemini ve Suriye ekonomisine uygulanan yapt\u0131r\u0131mlar\u0131n kald\u0131r\u0131lmas\u0131n\u0131n gereklili\u011fini vurgulad\u0131.<\/p>\n<p style=\"text-align: justify;\">\u015eam k\u0131rsal\u0131ndaki Ceramana ve E\u015frefiye Sahnaya&#8217;da ya\u015fanan son olaylara ili\u015fkin Bakan, devletin yasay\u0131 uygulama, dini kutsallara y\u00f6nelik sald\u0131r\u0131lar\u0131 su\u00e7 sayma ve \u00fclkeyi isyana te\u015fvik etme, seferber etme ve istikrars\u0131zla\u015ft\u0131rma gibi yasad\u0131\u015f\u0131 eylemlerde bulunan herkesin hesap vermesini sa\u011flama konusunda kararl\u0131 oldu\u011funu vurgulad\u0131. <img loading=\"lazy\" decoding=\"async\" class=\" wp-image-320288 alignright\" src=\"http:\/\/sana.sy\/tr\/wp-content\/uploads\/2025\/05\/555-1.jpg\" alt=\"\" width=\"276\" height=\"159\" \/>\u200f<\/p>\n<p style=\"text-align: justify;\">R\u00fc\u015fdi ise Suriye&#8217;de devletin ve hukukun egemenli\u011fine tam destek verdiklerini, orada istikrar sa\u011flanmas\u0131n\u0131n gereklili\u011fini ve bunun t\u00fcm b\u00f6lgenin istikrar\u0131na olumlu yans\u0131yaca\u011f\u0131n\u0131 vurgulad\u0131.<\/p>\n<p style=\"text-align: justify;\">R\u00fc\u015fdi ayr\u0131ca, Birle\u015fmi\u015f Milletler, \u00e7e\u015fitli bakanl\u0131klarla yapt\u0131\u011f\u0131 g\u00f6r\u00fc\u015fmeler ve gerekli t\u00fcm ihtiya\u00e7lar\u0131n tespiti sonras\u0131nda, \u00f6zellikle yarg\u0131 ve adalet alan\u0131nda olmak \u00fczere \u00e7e\u015fitli sekt\u00f6rlerin geli\u015ftirilmesi konusunda yard\u0131m sa\u011flamaya haz\u0131r oldu\u011funu dile getirdi.<\/p>\n","protected":false},"excerpt":{"rendered":"<p>\u015eAM (SANA) &#8211; Adalet Bakan\u0131 Dr. Mazher El Veys, Birle\u015fmi\u015f Milletler Genel Sekreteri&#8217;nin Suriye \u00d6zel Temsilcisi Yard\u0131mc\u0131s\u0131 Necat R\u00fc\u015fdi ile \u00fclkenin yasama ve yarg\u0131 altyap\u0131s\u0131n\u0131n geli\u015ftirilmesine y\u00f6nelik koordinasyon ve i\u015f birli\u011fi imk\u00e2nlar\u0131n\u0131 g\u00f6r\u00fc\u015ft\u00fc. Bakanl\u0131k binas\u0131nda ger\u00e7ekle\u015fen g\u00f6r\u00fc\u015fmede Dr. El Veys, yarg\u0131 tesislerinin altyap\u0131s\u0131nda meydana gelen hasar\u0131n boyutunu, devik rejim nedeniyle ge\u00e7mi\u015f y\u0131llarda u\u011fran\u0131lan vandall\u0131k ve &hellip;<\/p>\n","protected":false},"author":41,"featured_media":320289,"comment_status":"closed","ping_status":"closed","sticky":false,"template":"","format":"standard","meta":{"footnotes":""},"categories":[458,589,459,17988],"tags":[],"class_list":["post-320286","post","type-post","status-publish","format-standard","has-post-thumbnail","","category-dunya1","category-haber-seridi","category-haberler-arap-uluslararasi-politika","category-son-haberler"],"_links":{"self":[{"href":"https:\/\/archive.sana.sy\/tr\/index.php?rest_route=\/wp\/v2\/posts\/320286","targetHints":{"allow":["GET"]}}],"collection":[{"href":"https:\/\/archive.sana.sy\/tr\/index.php?rest_route=\/wp\/v2\/posts"}],"about":[{"href":"https:\/\/archive.sana.sy\/tr\/index.php?rest_route=\/wp\/v2\/types\/post"}],"author":[{"embeddable":true,"href":"https:\/\/archive.sana.sy\/tr\/index.php?rest_route=\/wp\/v2\/users\/41"}],"replies":[{"embeddable":true,"href":"https:\/\/archive.sana.sy\/tr\/index.php?rest_route=%2Fwp%2Fv2%2Fcomments&post=320286"}],"version-history":[{"count":1,"href":"https:\/\/archive.sana.sy\/tr\/index.php?rest_route=\/wp\/v2\/posts\/320286\/revisions"}],"predecessor-version":[{"id":320290,"href":"https:\/\/archive.sana.sy\/tr\/index.php?rest_route=\/wp\/v2\/posts\/320286\/revisions\/320290"}],"wp:featuredmedia":[{"embeddable":true,"href":"https:\/\/archive.sana.sy\/tr\/index.php?rest_route=\/wp\/v2\/media\/320289"}],"wp:attachment":[{"href":"https:\/\/archive.sana.sy\/tr\/index.php?rest_route=%2Fwp%2Fv2%2Fmedia&parent=320286"}],"wp:term":[{"taxonomy":"category","embeddable":true,"href":"https:\/\/archive.sana.sy\/tr\/index.php?rest_route=%2Fwp%2Fv2%2Fcategories&post=320286"},{"taxonomy":"post_tag","embeddable":true,"href":"https:\/\/archive.sana.sy\/tr\/index.php?rest_route=%2Fwp%2Fv2%2Ftags&post=320286"}],"curies":[{"name":"wp","href":"https:\/\/api.w.org\/{rel}","templated":true}]}}