{"id":320291,"date":"2025-05-01T16:10:49","date_gmt":"2025-05-01T13:10:49","guid":{"rendered":"https:\/\/sana.sy\/tr\/?p=320291"},"modified":"2025-05-01T17:49:21","modified_gmt":"2025-05-01T14:49:21","slug":"ulastirma-bakanligindan-bir-heyet-katar-iletisim-duzenleme-kurumunu-ziyaret-etti","status":"publish","type":"post","link":"https:\/\/archive.sana.sy\/tr\/?p=320291","title":{"rendered":"\u0130leti\u015fim Bakanl\u0131\u011f\u0131&#8217;ndan Bir Heyet Katar \u0130leti\u015fim D\u00fczenleme Kurumu&#8217;nu Ziyaret Etti"},"content":{"rendered":"<p style=\"text-align: justify;\"><span style=\"color: #800000;\"><strong>DOHA <\/strong><strong>(SANA) &#8211; <\/strong><\/span>Doha&#8217;da d\u00fczenlenen Arap B\u00f6lgesi Posta Liderleri \u0130kinci Forumu&#8217;na kat\u0131lan Suriye heyeti, ikili ili\u015fkilerin g\u00fc\u00e7lendirilmesi ve ileti\u015fim ve teknoloji alan\u0131nda uzmanl\u0131k al\u0131\u015fveri\u015finde bulunulmas\u0131 kapsam\u0131nda Katar Devleti&#8217;ndeki \u0130leti\u015fim D\u00fczenleme Kurumu&#8217;nu ziyaret etti.\u00a0 \u00a0 \u00a0 \u00a0 \u00a0 \u00a0 \u00a0 \u00a0 \u00a0 \u00a0 \u00a0 \u00a0 \u00a0 \u00a0 <img loading=\"lazy\" decoding=\"async\" class=\" wp-image-320293 alignright\" src=\"http:\/\/sana.sy\/tr\/wp-content\/uploads\/2025\/05\/2uu.jpg\" alt=\"\" width=\"288\" height=\"192\" \/><\/p>\n<p style=\"text-align: justify;\">\u0130leti\u015fim Bakanl\u0131\u011f\u0131&#8217;n\u0131n Telegram sayfas\u0131ndan yap\u0131lan payla\u015f\u0131mda, Ula\u015ft\u0131rma ve Teknoloji Bakan Yard\u0131mc\u0131s\u0131 M\u00fchendis H\u00fcseyin El Masri ile Suriye Posta \u015eirketi Genel M\u00fcd\u00fcr\u00fc \u0130madeddin Hamad&#8217;\u0131n da yer ald\u0131\u011f\u0131 heyet, Katar \u0130leti\u015fim D\u00fczenleme Kurumu Ba\u015fkan\u0131 Ahmed Abdullah El Musalmani, iki taraf aras\u0131nda dijital d\u00f6n\u00fc\u015f\u00fcm yollar\u0131n\u0131n desteklenmesine ve ileti\u015fim ve posta hizmetleri alanlar\u0131nda entegrasyonun art\u0131r\u0131lmas\u0131na katk\u0131 sa\u011flayacak ortak i\u015fbirli\u011fi yollar\u0131 ve teknik \u00e7al\u0131\u015fma mekanizmalar\u0131n\u0131n geli\u015ftirilmesi konular\u0131nda g\u00f6r\u00fc\u015fmelerde bulundu.<\/p>\n<p style=\"text-align: justify;\">G\u00f6r\u00fc\u015fmede, iki \u00fclke aras\u0131ndaki k\u00fclt\u00fcrel ve tarihi ba\u011flar\u0131n derinli\u011fini sembolize eden sembolik bir jest olarak, geleneksel Suriye posta pullar\u0131ndan olu\u015fan bir koleksiyonun yer ald\u0131\u011f\u0131 miras alb\u00fcm\u00fc takdim edildi.<\/p>\n","protected":false},"excerpt":{"rendered":"<p>DOHA (SANA) &#8211; Doha&#8217;da d\u00fczenlenen Arap B\u00f6lgesi Posta Liderleri \u0130kinci Forumu&#8217;na kat\u0131lan Suriye heyeti, ikili ili\u015fkilerin g\u00fc\u00e7lendirilmesi ve ileti\u015fim ve teknoloji alan\u0131nda uzmanl\u0131k al\u0131\u015fveri\u015finde bulunulmas\u0131 kapsam\u0131nda Katar Devleti&#8217;ndeki \u0130leti\u015fim D\u00fczenleme Kurumu&#8217;nu ziyaret etti.\u00a0 \u00a0 \u00a0 \u00a0 \u00a0 \u00a0 \u00a0 \u00a0 \u00a0 \u00a0 \u00a0 \u00a0 \u00a0 \u00a0 \u0130leti\u015fim Bakanl\u0131\u011f\u0131&#8217;n\u0131n Telegram sayfas\u0131ndan yap\u0131lan payla\u015f\u0131mda, Ula\u015ft\u0131rma ve Teknoloji &hellip;<\/p>\n","protected":false},"author":41,"featured_media":320292,"comment_status":"closed","ping_status":"closed","sticky":false,"template":"","format":"standard","meta":{"footnotes":""},"categories":[458,589,459,17988],"tags":[],"class_list":["post-320291","post","type-post","status-publish","format-standard","has-post-thumbnail","","category-dunya1","category-haber-seridi","category-haberler-arap-uluslararasi-politika","category-son-haberler"],"_links":{"self":[{"href":"https:\/\/archive.sana.sy\/tr\/index.php?rest_route=\/wp\/v2\/posts\/320291","targetHints":{"allow":["GET"]}}],"collection":[{"href":"https:\/\/archive.sana.sy\/tr\/index.php?rest_route=\/wp\/v2\/posts"}],"about":[{"href":"https:\/\/archive.sana.sy\/tr\/index.php?rest_route=\/wp\/v2\/types\/post"}],"author":[{"embeddable":true,"href":"https:\/\/archive.sana.sy\/tr\/index.php?rest_route=\/wp\/v2\/users\/41"}],"replies":[{"embeddable":true,"href":"https:\/\/archive.sana.sy\/tr\/index.php?rest_route=%2Fwp%2Fv2%2Fcomments&post=320291"}],"version-history":[{"count":2,"href":"https:\/\/archive.sana.sy\/tr\/index.php?rest_route=\/wp\/v2\/posts\/320291\/revisions"}],"predecessor-version":[{"id":320301,"href":"https:\/\/archive.sana.sy\/tr\/index.php?rest_route=\/wp\/v2\/posts\/320291\/revisions\/320301"}],"wp:featuredmedia":[{"embeddable":true,"href":"https:\/\/archive.sana.sy\/tr\/index.php?rest_route=\/wp\/v2\/media\/320292"}],"wp:attachment":[{"href":"https:\/\/archive.sana.sy\/tr\/index.php?rest_route=%2Fwp%2Fv2%2Fmedia&parent=320291"}],"wp:term":[{"taxonomy":"category","embeddable":true,"href":"https:\/\/archive.sana.sy\/tr\/index.php?rest_route=%2Fwp%2Fv2%2Fcategories&post=320291"},{"taxonomy":"post_tag","embeddable":true,"href":"https:\/\/archive.sana.sy\/tr\/index.php?rest_route=%2Fwp%2Fv2%2Ftags&post=320291"}],"curies":[{"name":"wp","href":"https:\/\/api.w.org\/{rel}","templated":true}]}}