{"id":320297,"date":"2025-05-01T17:48:15","date_gmt":"2025-05-01T14:48:15","guid":{"rendered":"https:\/\/sana.sy\/tr\/?p=320297"},"modified":"2025-05-01T17:48:15","modified_gmt":"2025-05-01T14:48:15","slug":"ulastirma-bakani-cin-heyetiyle-ulastirma-alanindaki-isbirligini-gorustu-2","status":"publish","type":"post","link":"https:\/\/archive.sana.sy\/tr\/?p=320297","title":{"rendered":"Ula\u015ft\u0131rma Bakan\u0131, \u00c7in Heyetiyle Ula\u015ft\u0131rma Alan\u0131ndaki \u0130\u015fbirli\u011fini G\u00f6r\u00fc\u015ft\u00fc"},"content":{"rendered":"<p style=\"text-align: justify;\"><span style=\"color: #800000;\"><strong>\u015eAM (SANA) &#8211;<\/strong><\/span> Ula\u015ft\u0131rma Bakan\u0131 Dr. Yarub Bedir, i\u015f adamlar\u0131 ve \u00c7inli yat\u0131r\u0131m \u015firketlerinin temsilcilerinden olu\u015fan bir heyetle, ula\u015ft\u0131rma alan\u0131nda i\u015fbirli\u011fi ve koordinasyon imk\u00e2nlar\u0131n\u0131 ele alarak, bunu iki \u00fclkeyi birbirine ba\u011flayan stratejik ili\u015fki d\u00fczeyine \u00e7\u0131karmak i\u00e7in g\u00f6r\u00fc\u015fmelerde bulundu.<br \/>\n<img loading=\"lazy\" decoding=\"async\" class=\" wp-image-320299 alignright\" src=\"http:\/\/sana.sy\/tr\/wp-content\/uploads\/2025\/05\/111.jpg\" alt=\"\" width=\"289\" height=\"178\" \/><\/p>\n<p style=\"text-align: justify;\">Bug\u00fcn bakanl\u0131k binas\u0131nda ger\u00e7ekle\u015fen g\u00f6r\u00fc\u015fmede, Suriye&#8217;de ula\u015ft\u0131rma alan\u0131nda, \u00f6zellikle demiryollar\u0131, otomobiller, elektrikli ara\u00e7lar ve y\u00fck ta\u015f\u0131mac\u0131l\u0131\u011f\u0131 alanlar\u0131nda gelecek vaat eden yat\u0131r\u0131mlar ele al\u0131nd\u0131.<\/p>\n<p style=\"text-align: justify;\">Dr Bedir ayr\u0131ca, ula\u015ft\u0131rma hareketinin etkinle\u015ftirilmesi ve canland\u0131r\u0131lmas\u0131, ticaret ve ekonomik al\u0131\u015fveri\u015fin art\u0131r\u0131lmas\u0131 ve ortak yat\u0131r\u0131m projelerinin kurulmas\u0131n\u0131n te\u015fvik edilmesine katk\u0131 sa\u011flayacak i\u015f birli\u011finin g\u00fc\u00e7lendirilmesinin \u00f6nemini vurgulataeak, Suriye&#8217;nin i\u00e7inde bulundu\u011fu t\u00fcm ko\u015fullarda \u00c7in halk\u0131n\u0131n Suriye halk\u0131na verdi\u011fi deste\u011fi takdir etti.<\/p>\n<p style=\"text-align: justify;\">Heyet ise, \u00f6zellikle ula\u015ft\u0131rma alan\u0131nda i\u015f birli\u011fini geni\u015fletmeye, ili\u015fkileri geli\u015ftirmeye ve ortak yat\u0131r\u0131mlar\u0131 te\u015fvik etmeye y\u00f6nelik \u00e7abalar\u0131 yo\u011funla\u015ft\u0131rmaya haz\u0131r olduklar\u0131n\u0131 dile getirdi.<\/p>\n","protected":false},"excerpt":{"rendered":"<p>\u015eAM (SANA) &#8211; Ula\u015ft\u0131rma Bakan\u0131 Dr. Yarub Bedir, i\u015f adamlar\u0131 ve \u00c7inli yat\u0131r\u0131m \u015firketlerinin temsilcilerinden olu\u015fan bir heyetle, ula\u015ft\u0131rma alan\u0131nda i\u015fbirli\u011fi ve koordinasyon imk\u00e2nlar\u0131n\u0131 ele alarak, bunu iki \u00fclkeyi birbirine ba\u011flayan stratejik ili\u015fki d\u00fczeyine \u00e7\u0131karmak i\u00e7in g\u00f6r\u00fc\u015fmelerde bulundu. Bug\u00fcn bakanl\u0131k binas\u0131nda ger\u00e7ekle\u015fen g\u00f6r\u00fc\u015fmede, Suriye&#8217;de ula\u015ft\u0131rma alan\u0131nda, \u00f6zellikle demiryollar\u0131, otomobiller, elektrikli ara\u00e7lar ve y\u00fck ta\u015f\u0131mac\u0131l\u0131\u011f\u0131 alanlar\u0131nda &hellip;<\/p>\n","protected":false},"author":41,"featured_media":320298,"comment_status":"closed","ping_status":"closed","sticky":false,"template":"","format":"standard","meta":{"footnotes":""},"categories":[458,589,459,17988],"tags":[],"class_list":["post-320297","post","type-post","status-publish","format-standard","has-post-thumbnail","","category-dunya1","category-haber-seridi","category-haberler-arap-uluslararasi-politika","category-son-haberler"],"_links":{"self":[{"href":"https:\/\/archive.sana.sy\/tr\/index.php?rest_route=\/wp\/v2\/posts\/320297","targetHints":{"allow":["GET"]}}],"collection":[{"href":"https:\/\/archive.sana.sy\/tr\/index.php?rest_route=\/wp\/v2\/posts"}],"about":[{"href":"https:\/\/archive.sana.sy\/tr\/index.php?rest_route=\/wp\/v2\/types\/post"}],"author":[{"embeddable":true,"href":"https:\/\/archive.sana.sy\/tr\/index.php?rest_route=\/wp\/v2\/users\/41"}],"replies":[{"embeddable":true,"href":"https:\/\/archive.sana.sy\/tr\/index.php?rest_route=%2Fwp%2Fv2%2Fcomments&post=320297"}],"version-history":[{"count":1,"href":"https:\/\/archive.sana.sy\/tr\/index.php?rest_route=\/wp\/v2\/posts\/320297\/revisions"}],"predecessor-version":[{"id":320300,"href":"https:\/\/archive.sana.sy\/tr\/index.php?rest_route=\/wp\/v2\/posts\/320297\/revisions\/320300"}],"wp:featuredmedia":[{"embeddable":true,"href":"https:\/\/archive.sana.sy\/tr\/index.php?rest_route=\/wp\/v2\/media\/320298"}],"wp:attachment":[{"href":"https:\/\/archive.sana.sy\/tr\/index.php?rest_route=%2Fwp%2Fv2%2Fmedia&parent=320297"}],"wp:term":[{"taxonomy":"category","embeddable":true,"href":"https:\/\/archive.sana.sy\/tr\/index.php?rest_route=%2Fwp%2Fv2%2Fcategories&post=320297"},{"taxonomy":"post_tag","embeddable":true,"href":"https:\/\/archive.sana.sy\/tr\/index.php?rest_route=%2Fwp%2Fv2%2Ftags&post=320297"}],"curies":[{"name":"wp","href":"https:\/\/api.w.org\/{rel}","templated":true}]}}