{"id":320302,"date":"2025-05-01T16:00:47","date_gmt":"2025-05-01T13:00:47","guid":{"rendered":"https:\/\/sana.sy\/tr\/?p=320302"},"modified":"2025-05-02T15:41:23","modified_gmt":"2025-05-02T12:41:23","slug":"suveyde-valisi-ve-40-ordu-tumeni-komutani-suveyde-kirsalindaki-el-sura-el-kubra-kasabasinda-ordu-ve-kamu-guvenlik-guclerinin-konuslanmasini-izledi","status":"publish","type":"post","link":"https:\/\/archive.sana.sy\/tr\/?p=320302","title":{"rendered":"S\u00fcveyde Valisi Ve 40. Ordu T\u00fcmeni Komutan\u0131, S\u00fcveyde K\u0131rsal\u0131ndaki El Sura El K\u00fcbra Kasabas\u0131nda Ordu Ve Kamu G\u00fcvenlik G\u00fc\u00e7lerinin Konu\u015flanmas\u0131n\u0131 \u0130zledi"},"content":{"rendered":"<p style=\"text-align: justify;\"><span style=\"color: #800000;\"><strong>S<\/strong><strong>\u00dcVEYDA (SANA)<\/strong> &#8211;<\/span> S\u00fcveyda Valisi Mustafa El Bekkur ve Suriye Arap Ordusunun 40. T\u00fcmen Komutan\u0131, b\u00f6lgede g\u00fcvenlik ve istikrar\u0131 art\u0131rmak amac\u0131yla S\u00fcveyda&#8217;n\u0131n kuzey k\u0131rsal\u0131ndaki El Sura ve El K\u00fcbra kasabas\u0131nda ordu ve kamu g\u00fcvenlik g\u00fc\u00e7lerinin konu\u015fland\u0131r\u0131lmas\u0131n\u0131 takip etti.<\/p>\n<p><img loading=\"lazy\" decoding=\"async\" class=\"aligncenter wp-image-320304 size-full\" src=\"http:\/\/sana.sy\/tr\/wp-content\/uploads\/2025\/05\/photo_2025-05-01_17-09-22.jpg\" alt=\"\" width=\"1280\" height=\"721\" srcset=\"https:\/\/archive.sana.sy\/tr\/wp-content\/uploads\/2025\/05\/photo_2025-05-01_17-09-22.jpg 1280w, https:\/\/archive.sana.sy\/tr\/wp-content\/uploads\/2025\/05\/photo_2025-05-01_17-09-22-300x169.jpg 300w, https:\/\/archive.sana.sy\/tr\/wp-content\/uploads\/2025\/05\/photo_2025-05-01_17-09-22-1024x577.jpg 1024w, https:\/\/archive.sana.sy\/tr\/wp-content\/uploads\/2025\/05\/photo_2025-05-01_17-09-22-768x433.jpg 768w\" sizes=\"auto, (max-width: 1280px) 100vw, 1280px\" \/><br \/>\n<img loading=\"lazy\" decoding=\"async\" class=\"aligncenter wp-image-320305 size-full\" src=\"http:\/\/sana.sy\/tr\/wp-content\/uploads\/2025\/05\/photo_2025-05-01_17-09-24-2.jpg\" alt=\"\" width=\"1280\" height=\"721\" srcset=\"https:\/\/archive.sana.sy\/tr\/wp-content\/uploads\/2025\/05\/photo_2025-05-01_17-09-24-2.jpg 1280w, https:\/\/archive.sana.sy\/tr\/wp-content\/uploads\/2025\/05\/photo_2025-05-01_17-09-24-2-300x169.jpg 300w, https:\/\/archive.sana.sy\/tr\/wp-content\/uploads\/2025\/05\/photo_2025-05-01_17-09-24-2-1024x577.jpg 1024w, https:\/\/archive.sana.sy\/tr\/wp-content\/uploads\/2025\/05\/photo_2025-05-01_17-09-24-2-768x433.jpg 768w\" sizes=\"auto, (max-width: 1280px) 100vw, 1280px\" \/><\/p>\n","protected":false},"excerpt":{"rendered":"<p>S\u00dcVEYDA (SANA) &#8211; S\u00fcveyda Valisi Mustafa El Bekkur ve Suriye Arap Ordusunun 40. T\u00fcmen Komutan\u0131, b\u00f6lgede g\u00fcvenlik ve istikrar\u0131 art\u0131rmak amac\u0131yla S\u00fcveyda&#8217;n\u0131n kuzey k\u0131rsal\u0131ndaki El Sura ve El K\u00fcbra kasabas\u0131nda ordu ve kamu g\u00fcvenlik g\u00fc\u00e7lerinin konu\u015fland\u0131r\u0131lmas\u0131n\u0131 takip etti.<\/p>\n","protected":false},"author":41,"featured_media":320303,"comment_status":"closed","ping_status":"closed","sticky":false,"template":"","format":"standard","meta":{"footnotes":""},"categories":[596,479,478],"tags":[],"class_list":["post-320302","post","type-post","status-publish","format-standard","has-post-thumbnail","","category-fotografli-raporlar","category-haberler-yerel","category-yerel"],"_links":{"self":[{"href":"https:\/\/archive.sana.sy\/tr\/index.php?rest_route=\/wp\/v2\/posts\/320302","targetHints":{"allow":["GET"]}}],"collection":[{"href":"https:\/\/archive.sana.sy\/tr\/index.php?rest_route=\/wp\/v2\/posts"}],"about":[{"href":"https:\/\/archive.sana.sy\/tr\/index.php?rest_route=\/wp\/v2\/types\/post"}],"author":[{"embeddable":true,"href":"https:\/\/archive.sana.sy\/tr\/index.php?rest_route=\/wp\/v2\/users\/41"}],"replies":[{"embeddable":true,"href":"https:\/\/archive.sana.sy\/tr\/index.php?rest_route=%2Fwp%2Fv2%2Fcomments&post=320302"}],"version-history":[{"count":2,"href":"https:\/\/archive.sana.sy\/tr\/index.php?rest_route=\/wp\/v2\/posts\/320302\/revisions"}],"predecessor-version":[{"id":320307,"href":"https:\/\/archive.sana.sy\/tr\/index.php?rest_route=\/wp\/v2\/posts\/320302\/revisions\/320307"}],"wp:featuredmedia":[{"embeddable":true,"href":"https:\/\/archive.sana.sy\/tr\/index.php?rest_route=\/wp\/v2\/media\/320303"}],"wp:attachment":[{"href":"https:\/\/archive.sana.sy\/tr\/index.php?rest_route=%2Fwp%2Fv2%2Fmedia&parent=320302"}],"wp:term":[{"taxonomy":"category","embeddable":true,"href":"https:\/\/archive.sana.sy\/tr\/index.php?rest_route=%2Fwp%2Fv2%2Fcategories&post=320302"},{"taxonomy":"post_tag","embeddable":true,"href":"https:\/\/archive.sana.sy\/tr\/index.php?rest_route=%2Fwp%2Fv2%2Ftags&post=320302"}],"curies":[{"name":"wp","href":"https:\/\/api.w.org\/{rel}","templated":true}]}}