{"id":320311,"date":"2025-05-01T19:27:42","date_gmt":"2025-05-01T16:27:42","guid":{"rendered":"https:\/\/sana.sy\/tr\/?p=320311"},"modified":"2025-05-02T18:26:43","modified_gmt":"2025-05-02T15:26:43","slug":"cumhurbaskani-el-sara-ulastirma-bakani-ile-ulasim-aglarinin-gelistirilmesi-ve-toplu-tasima-altyapisinin-iyilestirilmesi-planlarini-gorustu","status":"publish","type":"post","link":"https:\/\/archive.sana.sy\/tr\/?p=320311","title":{"rendered":"Cumhurba\u015fkan\u0131 El \u015eara, Ula\u015ft\u0131rma Bakan\u0131 \u0130le Ula\u015f\u0131m A\u011flar\u0131n\u0131n Geli\u015ftirilmesi Ve Toplu Ta\u015f\u0131ma Altyap\u0131s\u0131n\u0131n \u0130yile\u015ftirilmesi Planlar\u0131n\u0131 G\u00f6r\u00fc\u015ft\u00fc"},"content":{"rendered":"<p style=\"text-align: justify;\"><span style=\"color: #800000;\"><strong>\u015eAM (SANA)<\/strong> &#8211;<\/span> Cumhurba\u015fkan\u0131 Say\u0131n Ahmed El \u015eara, Ula\u015ft\u0131rma Bakan\u0131 Say\u0131n Yarub Bedir ile ula\u015f\u0131m a\u011flar\u0131n\u0131n geli\u015ftirilmesi ve toplu ta\u015f\u0131ma altyap\u0131s\u0131n\u0131n iyile\u015ftirilmesi planlar\u0131n\u0131 g\u00f6r\u00fc\u015ft\u00fc.<\/p>\n<p style=\"text-align: justify;\">G\u00f6r\u00fc\u015fmede, vatanda\u015flar\u0131n ihtiya\u00e7lar\u0131n\u0131n kar\u015f\u0131lanmas\u0131 ve \u015fehirler ile k\u0131rsal alanlar aras\u0131ndaki ba\u011flant\u0131n\u0131n g\u00fc\u00e7lendirilmesi i\u00e7in \u00e7al\u0131\u015fma temposunun h\u0131zland\u0131r\u0131lmas\u0131n\u0131n yan\u0131 s\u0131ra, proje uygulamas\u0131nda en y\u00fcksek kalite ve g\u00fcvenlik standartlar\u0131na uyulmas\u0131 gereklili\u011fi vurguland\u0131.<\/p>\n<p><img loading=\"lazy\" decoding=\"async\" class=\"aligncenter wp-image-320314 size-full\" src=\"http:\/\/sana.sy\/tr\/wp-content\/uploads\/2025\/05\/1000.jpg\" alt=\"\" width=\"1280\" height=\"718\" srcset=\"https:\/\/archive.sana.sy\/tr\/wp-content\/uploads\/2025\/05\/1000.jpg 1280w, https:\/\/archive.sana.sy\/tr\/wp-content\/uploads\/2025\/05\/1000-300x168.jpg 300w, https:\/\/archive.sana.sy\/tr\/wp-content\/uploads\/2025\/05\/1000-1024x574.jpg 1024w, https:\/\/archive.sana.sy\/tr\/wp-content\/uploads\/2025\/05\/1000-768x431.jpg 768w\" sizes=\"auto, (max-width: 1280px) 100vw, 1280px\" \/><br \/>\n<img loading=\"lazy\" decoding=\"async\" class=\"aligncenter wp-image-320313 size-full\" src=\"http:\/\/sana.sy\/tr\/wp-content\/uploads\/2025\/05\/100.jpg\" alt=\"\" width=\"1536\" height=\"862\" srcset=\"https:\/\/archive.sana.sy\/tr\/wp-content\/uploads\/2025\/05\/100.jpg 1536w, https:\/\/archive.sana.sy\/tr\/wp-content\/uploads\/2025\/05\/100-300x168.jpg 300w, https:\/\/archive.sana.sy\/tr\/wp-content\/uploads\/2025\/05\/100-1024x575.jpg 1024w, https:\/\/archive.sana.sy\/tr\/wp-content\/uploads\/2025\/05\/100-768x431.jpg 768w\" sizes=\"auto, (max-width: 1536px) 100vw, 1536px\" \/><\/p>\n","protected":false},"excerpt":{"rendered":"<p>\u015eAM (SANA) &#8211; Cumhurba\u015fkan\u0131 Say\u0131n Ahmed El \u015eara, Ula\u015ft\u0131rma Bakan\u0131 Say\u0131n Yarub Bedir ile ula\u015f\u0131m a\u011flar\u0131n\u0131n geli\u015ftirilmesi ve toplu ta\u015f\u0131ma altyap\u0131s\u0131n\u0131n iyile\u015ftirilmesi planlar\u0131n\u0131 g\u00f6r\u00fc\u015ft\u00fc. G\u00f6r\u00fc\u015fmede, vatanda\u015flar\u0131n ihtiya\u00e7lar\u0131n\u0131n kar\u015f\u0131lanmas\u0131 ve \u015fehirler ile k\u0131rsal alanlar aras\u0131ndaki ba\u011flant\u0131n\u0131n g\u00fc\u00e7lendirilmesi i\u00e7in \u00e7al\u0131\u015fma temposunun h\u0131zland\u0131r\u0131lmas\u0131n\u0131n yan\u0131 s\u0131ra, proje uygulamas\u0131nda en y\u00fcksek kalite ve g\u00fcvenlik standartlar\u0131na uyulmas\u0131 gereklili\u011fi vurguland\u0131.<\/p>\n","protected":false},"author":41,"featured_media":320312,"comment_status":"closed","ping_status":"closed","sticky":false,"template":"","format":"standard","meta":{"footnotes":""},"categories":[589,479,605,17988,478],"tags":[],"class_list":["post-320311","post","type-post","status-publish","format-standard","has-post-thumbnail","","category-haber-seridi","category-haberler-yerel","category-sayin-cumhurbaskani","category-son-haberler","category-yerel"],"_links":{"self":[{"href":"https:\/\/archive.sana.sy\/tr\/index.php?rest_route=\/wp\/v2\/posts\/320311","targetHints":{"allow":["GET"]}}],"collection":[{"href":"https:\/\/archive.sana.sy\/tr\/index.php?rest_route=\/wp\/v2\/posts"}],"about":[{"href":"https:\/\/archive.sana.sy\/tr\/index.php?rest_route=\/wp\/v2\/types\/post"}],"author":[{"embeddable":true,"href":"https:\/\/archive.sana.sy\/tr\/index.php?rest_route=\/wp\/v2\/users\/41"}],"replies":[{"embeddable":true,"href":"https:\/\/archive.sana.sy\/tr\/index.php?rest_route=%2Fwp%2Fv2%2Fcomments&post=320311"}],"version-history":[{"count":2,"href":"https:\/\/archive.sana.sy\/tr\/index.php?rest_route=\/wp\/v2\/posts\/320311\/revisions"}],"predecessor-version":[{"id":320316,"href":"https:\/\/archive.sana.sy\/tr\/index.php?rest_route=\/wp\/v2\/posts\/320311\/revisions\/320316"}],"wp:featuredmedia":[{"embeddable":true,"href":"https:\/\/archive.sana.sy\/tr\/index.php?rest_route=\/wp\/v2\/media\/320312"}],"wp:attachment":[{"href":"https:\/\/archive.sana.sy\/tr\/index.php?rest_route=%2Fwp%2Fv2%2Fmedia&parent=320311"}],"wp:term":[{"taxonomy":"category","embeddable":true,"href":"https:\/\/archive.sana.sy\/tr\/index.php?rest_route=%2Fwp%2Fv2%2Fcategories&post=320311"},{"taxonomy":"post_tag","embeddable":true,"href":"https:\/\/archive.sana.sy\/tr\/index.php?rest_route=%2Fwp%2Fv2%2Ftags&post=320311"}],"curies":[{"name":"wp","href":"https:\/\/api.w.org\/{rel}","templated":true}]}}