{"id":320317,"date":"2025-05-01T19:30:34","date_gmt":"2025-05-01T16:30:34","guid":{"rendered":"https:\/\/sana.sy\/tr\/?p=320317"},"modified":"2025-05-01T19:30:34","modified_gmt":"2025-05-01T16:30:34","slug":"fransiz-sirketi-cma-cgm-lazkiye-limanina-yatirim-yapiyor","status":"publish","type":"post","link":"https:\/\/archive.sana.sy\/tr\/?p=320317","title":{"rendered":"Frans\u0131z \u015eirketi CMA CGM, Lazkiye Liman\u0131\u2019na Yat\u0131r\u0131m Yap\u0131yor"},"content":{"rendered":"<p style=\"text-align: justify;\"><span style=\"color: #800000;\"><strong>\u015eAM (SANA) &#8211;<\/strong><\/span> Kara ve Deniz Limanlar\u0131 Genel M\u00fcd\u00fcrl\u00fc\u011f\u00fc, Lazkiye liman\u0131ndaki konteyner terminalinin y\u00f6netimi ve i\u015fletmesi i\u00e7in \u015eam Halk Saray\u0131&#8217;nda Frans\u0131z CMA CGM \u015firketiyle anla\u015fma imzalad\u0131.<\/p>\n<p style=\"text-align: justify;\">Kara ve Deniz Limanlar\u0131 Genel M\u00fcd\u00fcrl\u00fc\u011f\u00fc \u0130li\u015fkiler M\u00fcd\u00fcr\u00fc Mazen Allu\u015f, SANA&#8217;ya yapt\u0131\u011f\u0131 a\u00e7\u0131klamada, anla\u015fman\u0131n s\u00fcresinin, ekonomik fizibilitenin sa\u011flanmas\u0131 ve istenilen kalk\u0131nma hedeflerine ula\u015f\u0131lmas\u0131 i\u00e7in bu t\u00fcr yat\u0131r\u0131mlar i\u00e7in uluslararas\u0131 alanda onaylanm\u0131\u015f s\u00fcre olan 30 y\u0131l oldu\u011funu belirterek, Frans\u0131z \u015firketinin, ilk y\u0131l 30 milyon avro tutar\u0131nda ilk yat\u0131r\u0131m\u0131 yapaca\u011f\u0131n\u0131, yat\u0131r\u0131m\u0131n altyap\u0131 ve \u00fcstyap\u0131n\u0131n geli\u015ftirilmesi, mevcut ekipman ve r\u0131ht\u0131mlar\u0131n bak\u0131m\u0131 i\u00e7in kullan\u0131laca\u011f\u0131n\u0131 a\u00e7\u0131klad\u0131.<\/p>\n<p style=\"text-align: justify;\">Anla\u015fmayla konteyner terminalinin y\u00f6netim ve i\u015fletmesinin Frans\u0131z \u015firketine verildi\u011fini, devletin ise denetim ve de\u011ferlendirme hakk\u0131n\u0131 korudu\u011funu, t\u00fcm ulusal egemenlik haklar\u0131n\u0131n tamamen korundu\u011funu belirten Allu\u015f, anla\u015fman\u0131n Suriye yat\u0131r\u0131m hukuku h\u00fck\u00fcmleri kapsam\u0131nda oldu\u011funu, anla\u015fmazl\u0131k halinde Londra&#8217;daki Uluslararas\u0131 Ticaret Odas\u0131&#8217;na tahkim yoluyla ba\u015fvurulabilece\u011fini, bunun uluslararas\u0131 g\u00fcveni yans\u0131tt\u0131\u011f\u0131n\u0131 ve s\u00f6zle\u015fmenin hukuki itibar\u0131n\u0131 art\u0131rd\u0131\u011f\u0131n\u0131 s\u00f6yledi.<\/p>\n<p style=\"text-align: justify;\">Allu\u015f ayr\u0131ca, k\u00e2r da\u011f\u0131t\u0131m\u0131nda ilerici bir mekanizman\u0131n devreye sokuldu\u011funu, elle\u00e7lenen hacim ve konteyner say\u0131s\u0131 artt\u0131k\u00e7a devletin gelirden ald\u0131\u011f\u0131 pay\u0131n da artaca\u011f\u0131n\u0131 belirtti.<\/p>\n<p style=\"text-align: justify;\">Anla\u015fmaya g\u00f6re, i\u015fletme \u015firketindeki y\u00fczde 30&#8217;luk paya kar\u015f\u0131l\u0131k, devletin pay\u0131 belli bir seviyeden ba\u015flay\u0131p kademeli olarak y\u00fczde 70&#8217;e kadar \u00e7\u0131kacak. Bunun yan\u0131nda da t\u00fcm i\u015fletme giderleri \u015firket taraf\u0131ndan kar\u015f\u0131lanacak ve devlete azami ekonomik fayda sa\u011flanacakt\u0131r.<\/p>\n","protected":false},"excerpt":{"rendered":"<p>\u015eAM (SANA) &#8211; Kara ve Deniz Limanlar\u0131 Genel M\u00fcd\u00fcrl\u00fc\u011f\u00fc, Lazkiye liman\u0131ndaki konteyner terminalinin y\u00f6netimi ve i\u015fletmesi i\u00e7in \u015eam Halk Saray\u0131&#8217;nda Frans\u0131z CMA CGM \u015firketiyle anla\u015fma imzalad\u0131. Kara ve Deniz Limanlar\u0131 Genel M\u00fcd\u00fcrl\u00fc\u011f\u00fc \u0130li\u015fkiler M\u00fcd\u00fcr\u00fc Mazen Allu\u015f, SANA&#8217;ya yapt\u0131\u011f\u0131 a\u00e7\u0131klamada, anla\u015fman\u0131n s\u00fcresinin, ekonomik fizibilitenin sa\u011flanmas\u0131 ve istenilen kalk\u0131nma hedeflerine ula\u015f\u0131lmas\u0131 i\u00e7in bu t\u00fcr yat\u0131r\u0131mlar i\u00e7in uluslararas\u0131 &hellip;<\/p>\n","protected":false},"author":41,"featured_media":320318,"comment_status":"closed","ping_status":"closed","sticky":false,"template":"","format":"standard","meta":{"footnotes":""},"categories":[589,605,17988,478],"tags":[],"class_list":["post-320317","post","type-post","status-publish","format-standard","has-post-thumbnail","","category-haber-seridi","category-sayin-cumhurbaskani","category-son-haberler","category-yerel"],"_links":{"self":[{"href":"https:\/\/archive.sana.sy\/tr\/index.php?rest_route=\/wp\/v2\/posts\/320317","targetHints":{"allow":["GET"]}}],"collection":[{"href":"https:\/\/archive.sana.sy\/tr\/index.php?rest_route=\/wp\/v2\/posts"}],"about":[{"href":"https:\/\/archive.sana.sy\/tr\/index.php?rest_route=\/wp\/v2\/types\/post"}],"author":[{"embeddable":true,"href":"https:\/\/archive.sana.sy\/tr\/index.php?rest_route=\/wp\/v2\/users\/41"}],"replies":[{"embeddable":true,"href":"https:\/\/archive.sana.sy\/tr\/index.php?rest_route=%2Fwp%2Fv2%2Fcomments&post=320317"}],"version-history":[{"count":1,"href":"https:\/\/archive.sana.sy\/tr\/index.php?rest_route=\/wp\/v2\/posts\/320317\/revisions"}],"predecessor-version":[{"id":320319,"href":"https:\/\/archive.sana.sy\/tr\/index.php?rest_route=\/wp\/v2\/posts\/320317\/revisions\/320319"}],"wp:featuredmedia":[{"embeddable":true,"href":"https:\/\/archive.sana.sy\/tr\/index.php?rest_route=\/wp\/v2\/media\/320318"}],"wp:attachment":[{"href":"https:\/\/archive.sana.sy\/tr\/index.php?rest_route=%2Fwp%2Fv2%2Fmedia&parent=320317"}],"wp:term":[{"taxonomy":"category","embeddable":true,"href":"https:\/\/archive.sana.sy\/tr\/index.php?rest_route=%2Fwp%2Fv2%2Fcategories&post=320317"},{"taxonomy":"post_tag","embeddable":true,"href":"https:\/\/archive.sana.sy\/tr\/index.php?rest_route=%2Fwp%2Fv2%2Ftags&post=320317"}],"curies":[{"name":"wp","href":"https:\/\/api.w.org\/{rel}","templated":true}]}}