{"id":320320,"date":"2025-05-01T19:39:12","date_gmt":"2025-05-01T16:39:12","guid":{"rendered":"https:\/\/sana.sy\/tr\/?p=320320"},"modified":"2025-05-01T19:45:10","modified_gmt":"2025-05-01T16:45:10","slug":"turkiye-disisleri-bakanligi-iki-ulke-arasindaki-karsilikli-mutabakatlar-cercevesinde-suriyeye-kosulsuz-destegimizi-surdurecegiz","status":"publish","type":"post","link":"https:\/\/archive.sana.sy\/tr\/?p=320320","title":{"rendered":"T\u00fcrkiye D\u0131\u015fi\u015fleri Bakanl\u0131\u011f\u0131: \u0130ki \u00dclke Aras\u0131ndaki Kar\u015f\u0131l\u0131kl\u0131 Mutabakatlar \u00c7er\u00e7evesinde Suriye&#8217;ye Ko\u015fulsuz Deste\u011fimizi S\u00fcrd\u00fcrece\u011fiz"},"content":{"rendered":"<p style=\"text-align: justify;\"><span style=\"color: #800000;\"><strong>ANKARA <\/strong><strong>(SANA<\/strong>) &#8211;<\/span> T\u00fcrkiye, Suriye&#8217;ye y\u00f6nelik yapt\u0131r\u0131mlar\u0131n kald\u0131r\u0131lmas\u0131 \u00e7a\u011fr\u0131s\u0131n\u0131 yineleyerek, iki \u00fclke aras\u0131ndaki kar\u015f\u0131l\u0131kl\u0131 mutabakatlar \u00e7er\u00e7evesinde yeni d\u00f6nemde de Suriye&#8217;ye ihtiya\u00e7 duydu\u011fu bir\u00e7ok alanda ko\u015fulsuz destek sa\u011flamaya devam edece\u011fini vurgulad\u0131.<\/p>\n<p style=\"text-align: justify;\">Anadolu Ajans\u0131&#8217;n\u0131n T\u00fcrkiye D\u0131\u015fi\u015fleri Bakanl\u0131\u011f\u0131 kaynaklar\u0131na dayand\u0131rd\u0131\u011f\u0131 habere g\u00f6re \u00a0\u015funlar\u0131 aktard\u0131: &#8221;Suriye eski rejimin devrilmesiyle yeni bir d\u00f6neme girdi. Suriye halk\u0131, bir yandan 14 y\u0131ll\u0131k \u00e7at\u0131\u015fman\u0131n yaralar\u0131n\u0131 sarmaya \u00e7al\u0131\u015f\u0131rken, di\u011fer yandan da Suriye liderli\u011finde gelece\u011fini belirleyecek siyasi ge\u00e7i\u015f s\u00fcrecini y\u00fcr\u00fct\u00fcyor.&#8221;<\/p>\n<p style=\"text-align: justify;\">Kaynaklar, Suriye h\u00fck\u00fcmetinin b\u00f6lgesel ve uluslararas\u0131 topluma entegre olma yolunda att\u0131\u011f\u0131 ad\u0131mlar\u0131n ve \u00fclkede g\u00fcvenlik, istikrar ve refah\u0131n sa\u011flanmas\u0131 y\u00f6n\u00fcndeki \u00e7abalar\u0131n\u0131n desteklenmesinin \u00f6nemini vurgulad\u0131.<\/p>\n<p style=\"text-align: justify;\">Kaynaklar ayr\u0131ca, Suriye ve b\u00f6lgenin istikrars\u0131zl\u0131k tehdidinden kurtar\u0131lmas\u0131n\u0131n yolunun, \u00fclkeye y\u00f6nelik yapt\u0131r\u0131mlar\u0131n kald\u0131r\u0131lmas\u0131 da dahil olmak \u00fczere daha fazla destek ve daha fazla angajmandan ge\u00e7ti\u011fini belirtti ve T\u00fcrkiye&#8217;nin rejimin devrilmesinden sonraki d\u00f6nemde b\u00f6lge \u00fclkeleriyle Suriye y\u00f6netimi aras\u0131nda ileti\u015fim ve kar\u015f\u0131l\u0131kl\u0131 anlay\u0131\u015f\u0131n geli\u015ftirilmesine y\u00f6nelik b\u00fcy\u00fck \u00e7aba sarf etti\u011fine dikkat \u00e7ekti.<\/p>\n<p style=\"text-align: justify;\">&#8221;Bu \u00e7abalar, ABD de dahil olmak \u00fczere di\u011fer \u00f6nemli ortaklar\u0131n da kat\u0131ld\u0131\u011f\u0131 temaslar ve toplant\u0131lar arac\u0131l\u0131\u011f\u0131yla devam etti ve uluslararas\u0131 toplum ile Suriye h\u00fck\u00fcmeti aras\u0131ndaki etkile\u015fimin daha da artmas\u0131na destek oldu&#8221; a\u00e7\u0131klamalarda bulundu.<\/p>\n<p style=\"text-align: justify;\">Kaynaklar, T\u00fcrkiye&#8217;nin, bu hedeflere ula\u015fmada tarihi f\u0131rsat\u0131 de\u011ferlendiren Suriye y\u00f6netimi ve halk\u0131na ko\u015fulsuz destek pozisyonunda oldu\u011funu belirtirken de,\u00a0 T\u00fcrkiye i\u00e7in oldu\u011fu gibi, yeni Suriye y\u00f6netimi i\u00e7in de Suriye&#8217;nin birli\u011fi ve toprak b\u00fct\u00fcnl\u00fc\u011f\u00fcn\u00fcn korunmas\u0131n\u0131n en \u00f6nemli \u00f6ncelik oldu\u011funu a\u00e7\u0131k\u00e7a kaydetti.<\/p>\n<p style=\"text-align: justify;\">Suriye Anayasas\u0131&#8217;nda yer ald\u0131\u011f\u0131 gibi, \u00fclkenin merkezi y\u00f6netim alt\u0131nda birli\u011finin korunmas\u0131 ve Suriye&#8217;nin t\u00fcm unsurlar\u0131na e\u015fit vatanda\u015fl\u0131k haklar\u0131 verilmesinin \u00f6nemine i\u015faret ederken kaynaklar,\u00a0 T\u00fcrkiye&#8217;nin, Suriye&#8217;nin toprak b\u00fct\u00fcnl\u00fc\u011f\u00fcn\u00fc hedef alan, egemenli\u011fini zedeleyen, merkezi otorite d\u0131\u015f\u0131ndaki ki\u015filerin Suriye&#8217;de silah ta\u015f\u0131mas\u0131na olanak tan\u0131yan, ter\u00f6r \u00f6rg\u00fctlerinin varl\u0131\u011f\u0131n\u0131 g\u00fcvence alt\u0131na alan hi\u00e7bir giri\u015fimi kabul etmeyece\u011fini ifade etti.<\/p>\n<p style=\"text-align: justify;\">Anadolu Ajans\u0131&#8217;n\u0131n D\u0131\u015fi\u015fleri Bakanl\u0131\u011f\u0131 kaynaklar\u0131na dayand\u0131rd\u0131\u011f\u0131 habere g\u00f6re kaynaklar, &#8220;Suriye, g\u00fcvenli\u011fi a\u00e7\u0131s\u0131ndan bir sorun g\u00f6rd\u00fc\u011f\u00fc takdirde herhangi bir \u00fclkeyle anla\u015fma yapmay\u0131 tercih edebilir&#8221; ifadelerini de kulland\u0131.<\/p>\n<p style=\"text-align: justify;\">&#8220;T\u00fcrkiye, kar\u015f\u0131l\u0131kl\u0131 mutabakatlar \u00e7er\u00e7evesinde Suriye&#8217;ye ihtiya\u00e7 duydu\u011fu bir\u00e7ok alanda destek verebilecek kapasitededir&#8221; diyen kaynaklar, \u015f\u00f6yle devam etti: &#8221;Ankara, b\u00f6lgedeki g\u00fcvenlik de\u011ferlendirmeleri ve tehditler \u0131\u015f\u0131\u011f\u0131nda, Suriye ile ikili i\u015f birli\u011fine hizmet edecek her t\u00fcrl\u00fc konuyu ele almaya a\u00e7\u0131kt\u0131r.&#8221;<\/p>\n<p style=\"text-align: justify;\">Kaynaklar, T\u00fcrkiye&#8217;nin tekrarlanan giri\u015fimleri sonucunda ABD, Avrupa Birli\u011fi ve \u0130ngiltere&#8217;nin Suriye&#8217;ye uygulad\u0131\u011f\u0131 yapt\u0131r\u0131mlar\u0131n hafifletilmesi ve yapt\u0131r\u0131mlardan muafiyet sa\u011flanmas\u0131 ba\u011flam\u0131nda \u00f6nemli geli\u015fmeler sa\u011fland\u0131\u011f\u0131n\u0131 kayderken de, devrik rejim d\u00f6nemini hedef alan yapt\u0131r\u0131mlar\u0131n kald\u0131r\u0131lmas\u0131 i\u00e7in \u00e7ok y\u00f6nl\u00fc \u00e7abalar\u0131n s\u00fcrd\u00fc\u011f\u00fcn\u00fc belirtti.<\/p>\n","protected":false},"excerpt":{"rendered":"<p>ANKARA (SANA) &#8211; T\u00fcrkiye, Suriye&#8217;ye y\u00f6nelik yapt\u0131r\u0131mlar\u0131n kald\u0131r\u0131lmas\u0131 \u00e7a\u011fr\u0131s\u0131n\u0131 yineleyerek, iki \u00fclke aras\u0131ndaki kar\u015f\u0131l\u0131kl\u0131 mutabakatlar \u00e7er\u00e7evesinde yeni d\u00f6nemde de Suriye&#8217;ye ihtiya\u00e7 duydu\u011fu bir\u00e7ok alanda ko\u015fulsuz destek sa\u011flamaya devam edece\u011fini vurgulad\u0131. Anadolu Ajans\u0131&#8217;n\u0131n T\u00fcrkiye D\u0131\u015fi\u015fleri Bakanl\u0131\u011f\u0131 kaynaklar\u0131na dayand\u0131rd\u0131\u011f\u0131 habere g\u00f6re \u00a0\u015funlar\u0131 aktard\u0131: &#8221;Suriye eski rejimin devrilmesiyle yeni bir d\u00f6neme girdi. Suriye halk\u0131, bir yandan 14 y\u0131ll\u0131k &hellip;<\/p>\n","protected":false},"author":41,"featured_media":320321,"comment_status":"closed","ping_status":"closed","sticky":false,"template":"","format":"standard","meta":{"footnotes":""},"categories":[589,17988,2555],"tags":[],"class_list":["post-320320","post","type-post","status-publish","format-standard","has-post-thumbnail","","category-haber-seridi","category-son-haberler","category-suriye-ve-turkiye"],"_links":{"self":[{"href":"https:\/\/archive.sana.sy\/tr\/index.php?rest_route=\/wp\/v2\/posts\/320320","targetHints":{"allow":["GET"]}}],"collection":[{"href":"https:\/\/archive.sana.sy\/tr\/index.php?rest_route=\/wp\/v2\/posts"}],"about":[{"href":"https:\/\/archive.sana.sy\/tr\/index.php?rest_route=\/wp\/v2\/types\/post"}],"author":[{"embeddable":true,"href":"https:\/\/archive.sana.sy\/tr\/index.php?rest_route=\/wp\/v2\/users\/41"}],"replies":[{"embeddable":true,"href":"https:\/\/archive.sana.sy\/tr\/index.php?rest_route=%2Fwp%2Fv2%2Fcomments&post=320320"}],"version-history":[{"count":1,"href":"https:\/\/archive.sana.sy\/tr\/index.php?rest_route=\/wp\/v2\/posts\/320320\/revisions"}],"predecessor-version":[{"id":320322,"href":"https:\/\/archive.sana.sy\/tr\/index.php?rest_route=\/wp\/v2\/posts\/320320\/revisions\/320322"}],"wp:featuredmedia":[{"embeddable":true,"href":"https:\/\/archive.sana.sy\/tr\/index.php?rest_route=\/wp\/v2\/media\/320321"}],"wp:attachment":[{"href":"https:\/\/archive.sana.sy\/tr\/index.php?rest_route=%2Fwp%2Fv2%2Fmedia&parent=320320"}],"wp:term":[{"taxonomy":"category","embeddable":true,"href":"https:\/\/archive.sana.sy\/tr\/index.php?rest_route=%2Fwp%2Fv2%2Fcategories&post=320320"},{"taxonomy":"post_tag","embeddable":true,"href":"https:\/\/archive.sana.sy\/tr\/index.php?rest_route=%2Fwp%2Fv2%2Ftags&post=320320"}],"curies":[{"name":"wp","href":"https:\/\/api.w.org\/{rel}","templated":true}]}}