{"id":320323,"date":"2025-05-01T19:55:52","date_gmt":"2025-05-01T16:55:52","guid":{"rendered":"https:\/\/sana.sy\/tr\/?p=320323"},"modified":"2025-05-01T19:55:52","modified_gmt":"2025-05-01T16:55:52","slug":"turizm-bakani-italya-maslahatguzari-ile-turizm-iliskilerinin-gelistirilmesi-konusunda-gorustu","status":"publish","type":"post","link":"https:\/\/archive.sana.sy\/tr\/?p=320323","title":{"rendered":"Turizm Bakan\u0131, \u0130talya Maslahatg\u00fczar\u0131 \u0130le Turizm \u0130li\u015fkilerinin Geli\u015ftirilmesi Konusunda G\u00f6r\u00fc\u015ft\u00fc"},"content":{"rendered":"<p style=\"text-align: justify;\"><span style=\"color: #800000;\"><strong>\u015eAM (SANA)- <\/strong><\/span>Turizm Bakan\u0131 Mazen El Salhani, \u0130talya&#8217;n\u0131n \u015eam B\u00fcy\u00fckel\u00e7ili\u011fi Maslahatg\u00fczar\u0131 Stefano Ravanian ile iki \u00fclke aras\u0131ndaki ikili ili\u015fkilerin turizm sekt\u00f6r\u00fcnde geli\u015ftirilmesinin yollar\u0131n\u0131 g\u00f6r\u00fc\u015ft\u00fc.<br \/>\n<strong><br \/>\n<\/strong>Bakanl\u0131kta yap\u0131lan g\u00f6r\u00fc\u015fmede, \u00f6n\u00fcm\u00fczdeki d\u00f6nemde turist say\u0131s\u0131n\u0131n art\u0131r\u0131lmas\u0131 ve bu sekt\u00f6r\u00fcn desteklenmesi olanaklar\u0131 ele al\u0131nd\u0131.<\/p>\n<p style=\"text-align: justify;\"><img loading=\"lazy\" decoding=\"async\" class=\"aligncenter wp-image-320325 size-full\" src=\"http:\/\/sana.sy\/tr\/wp-content\/uploads\/2025\/05\/turr.jpg\" alt=\"\" width=\"1280\" height=\"853\" srcset=\"https:\/\/archive.sana.sy\/tr\/wp-content\/uploads\/2025\/05\/turr.jpg 1280w, https:\/\/archive.sana.sy\/tr\/wp-content\/uploads\/2025\/05\/turr-300x200.jpg 300w, https:\/\/archive.sana.sy\/tr\/wp-content\/uploads\/2025\/05\/turr-1024x682.jpg 1024w, https:\/\/archive.sana.sy\/tr\/wp-content\/uploads\/2025\/05\/turr-768x512.jpg 768w\" sizes=\"auto, (max-width: 1280px) 100vw, 1280px\" \/>\u200f<\/p>\n","protected":false},"excerpt":{"rendered":"<p>\u015eAM (SANA)- Turizm Bakan\u0131 Mazen El Salhani, \u0130talya&#8217;n\u0131n \u015eam B\u00fcy\u00fckel\u00e7ili\u011fi Maslahatg\u00fczar\u0131 Stefano Ravanian ile iki \u00fclke aras\u0131ndaki ikili ili\u015fkilerin turizm sekt\u00f6r\u00fcnde geli\u015ftirilmesinin yollar\u0131n\u0131 g\u00f6r\u00fc\u015ft\u00fc. Bakanl\u0131kta yap\u0131lan g\u00f6r\u00fc\u015fmede, \u00f6n\u00fcm\u00fczdeki d\u00f6nemde turist say\u0131s\u0131n\u0131n art\u0131r\u0131lmas\u0131 ve bu sekt\u00f6r\u00fcn desteklenmesi olanaklar\u0131 ele al\u0131nd\u0131. \u200f<\/p>\n","protected":false},"author":41,"featured_media":320324,"comment_status":"closed","ping_status":"closed","sticky":false,"template":"","format":"standard","meta":{"footnotes":""},"categories":[589,479,17988,478],"tags":[],"class_list":["post-320323","post","type-post","status-publish","format-standard","has-post-thumbnail","","category-haber-seridi","category-haberler-yerel","category-son-haberler","category-yerel"],"_links":{"self":[{"href":"https:\/\/archive.sana.sy\/tr\/index.php?rest_route=\/wp\/v2\/posts\/320323","targetHints":{"allow":["GET"]}}],"collection":[{"href":"https:\/\/archive.sana.sy\/tr\/index.php?rest_route=\/wp\/v2\/posts"}],"about":[{"href":"https:\/\/archive.sana.sy\/tr\/index.php?rest_route=\/wp\/v2\/types\/post"}],"author":[{"embeddable":true,"href":"https:\/\/archive.sana.sy\/tr\/index.php?rest_route=\/wp\/v2\/users\/41"}],"replies":[{"embeddable":true,"href":"https:\/\/archive.sana.sy\/tr\/index.php?rest_route=%2Fwp%2Fv2%2Fcomments&post=320323"}],"version-history":[{"count":1,"href":"https:\/\/archive.sana.sy\/tr\/index.php?rest_route=\/wp\/v2\/posts\/320323\/revisions"}],"predecessor-version":[{"id":320326,"href":"https:\/\/archive.sana.sy\/tr\/index.php?rest_route=\/wp\/v2\/posts\/320323\/revisions\/320326"}],"wp:featuredmedia":[{"embeddable":true,"href":"https:\/\/archive.sana.sy\/tr\/index.php?rest_route=\/wp\/v2\/media\/320324"}],"wp:attachment":[{"href":"https:\/\/archive.sana.sy\/tr\/index.php?rest_route=%2Fwp%2Fv2%2Fmedia&parent=320323"}],"wp:term":[{"taxonomy":"category","embeddable":true,"href":"https:\/\/archive.sana.sy\/tr\/index.php?rest_route=%2Fwp%2Fv2%2Fcategories&post=320323"},{"taxonomy":"post_tag","embeddable":true,"href":"https:\/\/archive.sana.sy\/tr\/index.php?rest_route=%2Fwp%2Fv2%2Ftags&post=320323"}],"curies":[{"name":"wp","href":"https:\/\/api.w.org\/{rel}","templated":true}]}}