{"id":320328,"date":"2025-05-02T08:00:26","date_gmt":"2025-05-02T05:00:26","guid":{"rendered":"https:\/\/sana.sy\/tr\/?p=320328"},"modified":"2025-05-03T09:28:47","modified_gmt":"2025-05-03T06:28:47","slug":"cumhurbaskani-el-sara-cin-halk-cumhuriyetinden-gelen-isadamlarindan-olusan-bir-heyetle-bir-araya-geldi","status":"publish","type":"post","link":"https:\/\/archive.sana.sy\/tr\/?p=320328","title":{"rendered":"Cumhurba\u015fkan\u0131 El \u015eara, \u00c7in Halk Cumhuriyeti&#8217;nden Gelen \u0130\u015fadamlar\u0131ndan Olu\u015fan Bir Heyetle Bir Araya Geldi"},"content":{"rendered":"<p style=\"text-align: justify;\"><strong><span style=\"color: #800000;\">\u015eAM (SANA) &#8211;<\/span> <\/strong>Cumhurba\u015fkanl\u0131\u011f\u0131: Cumhurba\u015fkan\u0131 Say\u0131n Ahmed El \u015eara, AOJ-TECHNOLOGY Ortado\u011fu Genel M\u00fcd\u00fcr\u00fc Say\u0131n Zhou Ligang ba\u015fkanl\u0131\u011f\u0131ndaki \u00c7in Halk Cumhuriyeti i\u015fadamlar\u0131ndan olu\u015fan bir heyetle Halk Saray\u0131&#8217;nda bir araya geldi.<\/p>\n<p style=\"text-align: justify;\">G\u00f6r\u00fc\u015fmede, Suriye&#8217;deki yat\u0131r\u0131m olanaklar\u0131 ele al\u0131n\u0131rken, Suriye h\u00fck\u00fcmetinin \u015feffafl\u0131k ve istikrara dayal\u0131 cazip bir yat\u0131r\u0131m ortam\u0131 yaratma konusundaki kararl\u0131l\u0131\u011f\u0131 vurguland\u0131.<\/p>\n<div id='gallery-1' class='gallery galleryid-320328 gallery-columns-1 gallery-size-full'><figure class='gallery-item'>\n\t\t\t<div class='gallery-icon landscape'>\n\t\t\t\t<a href='https:\/\/archive.sana.sy\/tr\/?attachment_id=320330'><img loading=\"lazy\" decoding=\"async\" width=\"660\" height=\"370\" src=\"https:\/\/archive.sana.sy\/tr\/wp-content\/uploads\/2025\/05\/photo_2025-05-01_20-57-03-2-copy.jpg\" class=\"attachment-full size-full\" alt=\"\" srcset=\"https:\/\/archive.sana.sy\/tr\/wp-content\/uploads\/2025\/05\/photo_2025-05-01_20-57-03-2-copy.jpg 660w, https:\/\/archive.sana.sy\/tr\/wp-content\/uploads\/2025\/05\/photo_2025-05-01_20-57-03-2-copy-300x168.jpg 300w\" sizes=\"auto, (max-width: 660px) 100vw, 660px\" \/><\/a>\n\t\t\t<\/div><\/figure><figure class='gallery-item'>\n\t\t\t<div class='gallery-icon landscape'>\n\t\t\t\t<a href='https:\/\/archive.sana.sy\/tr\/?attachment_id=320331'><img loading=\"lazy\" decoding=\"async\" width=\"660\" height=\"370\" src=\"https:\/\/archive.sana.sy\/tr\/wp-content\/uploads\/2025\/05\/photo_2025-05-01_20-57-04-copy.jpg\" class=\"attachment-full size-full\" alt=\"\" srcset=\"https:\/\/archive.sana.sy\/tr\/wp-content\/uploads\/2025\/05\/photo_2025-05-01_20-57-04-copy.jpg 660w, https:\/\/archive.sana.sy\/tr\/wp-content\/uploads\/2025\/05\/photo_2025-05-01_20-57-04-copy-300x168.jpg 300w\" sizes=\"auto, (max-width: 660px) 100vw, 660px\" \/><\/a>\n\t\t\t<\/div><\/figure><figure class='gallery-item'>\n\t\t\t<div class='gallery-icon landscape'>\n\t\t\t\t<a href='https:\/\/archive.sana.sy\/tr\/?attachment_id=320332'><img loading=\"lazy\" decoding=\"async\" width=\"660\" height=\"370\" src=\"https:\/\/archive.sana.sy\/tr\/wp-content\/uploads\/2025\/05\/photo_2025-05-01_20-57-05-copy.jpg\" class=\"attachment-full size-full\" alt=\"\" srcset=\"https:\/\/archive.sana.sy\/tr\/wp-content\/uploads\/2025\/05\/photo_2025-05-01_20-57-05-copy.jpg 660w, https:\/\/archive.sana.sy\/tr\/wp-content\/uploads\/2025\/05\/photo_2025-05-01_20-57-05-copy-300x168.jpg 300w\" sizes=\"auto, (max-width: 660px) 100vw, 660px\" \/><\/a>\n\t\t\t<\/div><\/figure>\n\t\t<\/div>\n\n","protected":false},"excerpt":{"rendered":"<p>\u015eAM (SANA) &#8211; Cumhurba\u015fkanl\u0131\u011f\u0131: Cumhurba\u015fkan\u0131 Say\u0131n Ahmed El \u015eara, AOJ-TECHNOLOGY Ortado\u011fu Genel M\u00fcd\u00fcr\u00fc Say\u0131n Zhou Ligang ba\u015fkanl\u0131\u011f\u0131ndaki \u00c7in Halk Cumhuriyeti i\u015fadamlar\u0131ndan olu\u015fan bir heyetle Halk Saray\u0131&#8217;nda bir araya geldi. G\u00f6r\u00fc\u015fmede, Suriye&#8217;deki yat\u0131r\u0131m olanaklar\u0131 ele al\u0131n\u0131rken, Suriye h\u00fck\u00fcmetinin \u015feffafl\u0131k ve istikrara dayal\u0131 cazip bir yat\u0131r\u0131m ortam\u0131 yaratma konusundaki kararl\u0131l\u0131\u011f\u0131 vurguland\u0131.<\/p>\n","protected":false},"author":44,"featured_media":320329,"comment_status":"closed","ping_status":"closed","sticky":false,"template":"","format":"standard","meta":{"footnotes":""},"categories":[609,605],"tags":[43815,43266],"class_list":["post-320328","post","type-post","status-publish","format-standard","has-post-thumbnail","","category-konusmalar","category-sayin-cumhurbaskani","tag-cin-halk-cumhuriyetinden-gelen-isadamlarindan-olusan-bir-heyetle-bir-araya-geldi","tag-cumhurbaskani-el-sara"],"_links":{"self":[{"href":"https:\/\/archive.sana.sy\/tr\/index.php?rest_route=\/wp\/v2\/posts\/320328","targetHints":{"allow":["GET"]}}],"collection":[{"href":"https:\/\/archive.sana.sy\/tr\/index.php?rest_route=\/wp\/v2\/posts"}],"about":[{"href":"https:\/\/archive.sana.sy\/tr\/index.php?rest_route=\/wp\/v2\/types\/post"}],"author":[{"embeddable":true,"href":"https:\/\/archive.sana.sy\/tr\/index.php?rest_route=\/wp\/v2\/users\/44"}],"replies":[{"embeddable":true,"href":"https:\/\/archive.sana.sy\/tr\/index.php?rest_route=%2Fwp%2Fv2%2Fcomments&post=320328"}],"version-history":[{"count":1,"href":"https:\/\/archive.sana.sy\/tr\/index.php?rest_route=\/wp\/v2\/posts\/320328\/revisions"}],"predecessor-version":[{"id":320333,"href":"https:\/\/archive.sana.sy\/tr\/index.php?rest_route=\/wp\/v2\/posts\/320328\/revisions\/320333"}],"wp:featuredmedia":[{"embeddable":true,"href":"https:\/\/archive.sana.sy\/tr\/index.php?rest_route=\/wp\/v2\/media\/320329"}],"wp:attachment":[{"href":"https:\/\/archive.sana.sy\/tr\/index.php?rest_route=%2Fwp%2Fv2%2Fmedia&parent=320328"}],"wp:term":[{"taxonomy":"category","embeddable":true,"href":"https:\/\/archive.sana.sy\/tr\/index.php?rest_route=%2Fwp%2Fv2%2Fcategories&post=320328"},{"taxonomy":"post_tag","embeddable":true,"href":"https:\/\/archive.sana.sy\/tr\/index.php?rest_route=%2Fwp%2Fv2%2Ftags&post=320328"}],"curies":[{"name":"wp","href":"https:\/\/api.w.org\/{rel}","templated":true}]}}